{"id":89020,"date":"2025-09-27T15:54:18","date_gmt":"2025-09-27T15:54:18","guid":{"rendered":"https:\/\/www.europesays.com\/pt\/89020\/"},"modified":"2025-09-27T15:54:18","modified_gmt":"2025-09-27T15:54:18","slug":"ana-patricia-carvalho-e-uma-mulher-casada-veja-o-vestido-da-noiva","status":"publish","type":"post","link":"https:\/\/www.europesays.com\/pt\/89020\/","title":{"rendered":"Ana Patr\u00edcia Carvalho \u00e9 uma mulher casada: veja o vestido da noiva!"},"content":{"rendered":"<p>Na passada sexta-feira, dia 26, <a href=\"https:\/\/selfie.iol.pt\/famosos\/rui-figueiredo\/ana-patricia-carvalho-vive-intensa-despedida-de-solteira-veja-as-fotos\/20250713\/6873c51ad34ef72ee4484455\" target=\"_blank\" rel=\"nofollow noopener\">Ana Patr\u00edcia Carvalho<\/a> e Rui Figueiredo celebraram o casamento numa boda de sonho.<\/p>\n<p>No Instagram, os convidados t\u00eam partilhado imagens da cerim\u00f3nia, destacando-se o vestido da noiva, o fato do noivo e ainda a presen\u00e7a de amigos e familiares, como <a href=\"https:\/\/selfie.iol.pt\/famosos\/sofia-ribeiro\/indignada-sofia-ribeiro-precisei-de-tempo-para-digerir-foi-um-choque\/20250918\/68cc0080d34ee0c2fed03f0c\" target=\"_blank\" rel=\"nofollow noopener\">Sofia Ribeiro<\/a>, Oceana Bas\u00edlio e Edmundo Rosa.<\/p>\n<p>Veja, agora, as melhores imagens do casamento de Ana Patr\u00edcia Carvalho e Rui Figueiredo na galeria de fotografias que prepar\u00e1mos para si.<\/p>\n","protected":false},"excerpt":{"rendered":"Na passada sexta-feira, dia 26, Ana Patr\u00edcia Carvalho e Rui Figueiredo celebraram o casamento numa boda de sonho.&hellip;\n","protected":false},"author":2,"featured_media":89021,"comment_status":"","ping_status":"","sticky":false,"template":"","format":"standard","meta":{"footnotes":""},"categories":[145],"tags":[22433,1651,2658,211,210,114,115,980,1015,32,33,1016,21352,1012,1751],"class_list":{"0":"post-89020","1":"post","2":"type-post","3":"status-publish","4":"format-standard","5":"has-post-thumbnail","7":"category-celebridades","8":"tag-ana-patricia-carvalho","9":"tag-casal","10":"tag-casamentos-2025","11":"tag-celebridades","12":"tag-celebrities","13":"tag-entertainment","14":"tag-entretenimento","15":"tag-famosos","16":"tag-instagram","17":"tag-portugal","18":"tag-pt","19":"tag-romance","20":"tag-rui-figueiredo","21":"tag-selfie","22":"tag-sic"},"share_on_mastodon":{"url":"","error":""},"_links":{"self":[{"href":"https:\/\/www.europesays.com\/pt\/wp-json\/wp\/v2\/posts\/89020","targetHints":{"allow":["GET"]}}],"collection":[{"href":"https:\/\/www.europesays.com\/pt\/wp-json\/wp\/v2\/posts"}],"about":[{"href":"https:\/\/www.europesays.com\/pt\/wp-json\/wp\/v2\/types\/post"}],"author":[{"embeddable":true,"href":"https:\/\/www.europesays.com\/pt\/wp-json\/wp\/v2\/users\/2"}],"replies":[{"embeddable":true,"href":"https:\/\/www.europesays.com\/pt\/wp-json\/wp\/v2\/comments?post=89020"}],"version-history":[{"count":0,"href":"https:\/\/www.europesays.com\/pt\/wp-json\/wp\/v2\/posts\/89020\/revisions"}],"wp:featuredmedia":[{"embeddable":true,"href":"https:\/\/www.europesays.com\/pt\/wp-json\/wp\/v2\/media\/89021"}],"wp:attachment":[{"href":"https:\/\/www.europesays.com\/pt\/wp-json\/wp\/v2\/media?parent=89020"}],"wp:term":[{"taxonomy":"category","embeddable":true,"href":"https:\/\/www.europesays.com\/pt\/wp-json\/wp\/v2\/categories?post=89020"},{"taxonomy":"post_tag","embeddable":true,"href":"https:\/\/www.europesays.com\/pt\/wp-json\/wp\/v2\/tags?post=89020"}],"curies":[{"name":"wp","href":"https:\/\/api.w.org\/{rel}","templated":true}]}}