{"id":89521,"date":"2025-09-28T00:05:14","date_gmt":"2025-09-28T00:05:14","guid":{"rendered":"https:\/\/www.europesays.com\/pt\/89521\/"},"modified":"2025-09-28T00:05:14","modified_gmt":"2025-09-28T00:05:14","slug":"alba-vinca-o-joel-e-um-fugitivo-a-policia-novelas","status":"publish","type":"post","link":"https:\/\/www.europesays.com\/pt\/89521\/","title":{"rendered":"Alba vinca: \u00abO Joel \u00e9 um fugitivo \u00e0 pol\u00edcia\u00bb &#8211; Novelas"},"content":{"rendered":"<p>Em \u00abA\u00a0Fazenda\u00bb, todos tentam acalmar Zulmira (Helena Isabel), dizendo-lhe que Joel vai voltar. Alba (S\u00e3o Jos\u00e9 Correia) desmente a dizer que Joel (Jo\u00e3o Jesus) fugiu para n\u00e3o ir preso. Barroso confirma que Eva (Margarida Corceiro) e Joel deram mesmo entrada em Portugal, avisando Gustavo (Nuno Pardal) que vai enviar esfor\u00e7os para que eles sejam detidos.<\/p>\n","protected":false},"excerpt":{"rendered":"Em \u00abA\u00a0Fazenda\u00bb, todos tentam acalmar Zulmira (Helena Isabel), dizendo-lhe que Joel vai voltar. Alba (S\u00e3o Jos\u00e9 Correia) desmente&hellip;\n","protected":false},"author":2,"featured_media":89522,"comment_status":"","ping_status":"","sticky":false,"template":"","format":"standard","meta":{"footnotes":""},"categories":[142],"tags":[657,160,166,114,115,157,167,164,2931,161,158,165,159,32,33,156,163,151,162],"class_list":{"0":"post-89521","1":"post","2":"type-post","3":"status-publish","4":"format-standard","5":"has-post-thumbnail","7":"category-tv","8":"tag-a-fazenda","9":"tag-ana-guiomar","10":"tag-cristina-ferreira","11":"tag-entertainment","12":"tag-entretenimento","13":"tag-festa-e-festa","14":"tag-ficcao","15":"tag-jose-fidalgo","16":"tag-novela","17":"tag-novelas","18":"tag-para-sempre","19":"tag-pedro-sousa","20":"tag-pedro-teixeira","21":"tag-portugal","22":"tag-pt","23":"tag-queridos-papas","24":"tag-tiago-teotonio-pereira","25":"tag-tv","26":"tag-tvi"},"share_on_mastodon":{"url":"","error":""},"_links":{"self":[{"href":"https:\/\/www.europesays.com\/pt\/wp-json\/wp\/v2\/posts\/89521","targetHints":{"allow":["GET"]}}],"collection":[{"href":"https:\/\/www.europesays.com\/pt\/wp-json\/wp\/v2\/posts"}],"about":[{"href":"https:\/\/www.europesays.com\/pt\/wp-json\/wp\/v2\/types\/post"}],"author":[{"embeddable":true,"href":"https:\/\/www.europesays.com\/pt\/wp-json\/wp\/v2\/users\/2"}],"replies":[{"embeddable":true,"href":"https:\/\/www.europesays.com\/pt\/wp-json\/wp\/v2\/comments?post=89521"}],"version-history":[{"count":0,"href":"https:\/\/www.europesays.com\/pt\/wp-json\/wp\/v2\/posts\/89521\/revisions"}],"wp:featuredmedia":[{"embeddable":true,"href":"https:\/\/www.europesays.com\/pt\/wp-json\/wp\/v2\/media\/89522"}],"wp:attachment":[{"href":"https:\/\/www.europesays.com\/pt\/wp-json\/wp\/v2\/media?parent=89521"}],"wp:term":[{"taxonomy":"category","embeddable":true,"href":"https:\/\/www.europesays.com\/pt\/wp-json\/wp\/v2\/categories?post=89521"},{"taxonomy":"post_tag","embeddable":true,"href":"https:\/\/www.europesays.com\/pt\/wp-json\/wp\/v2\/tags?post=89521"}],"curies":[{"name":"wp","href":"https:\/\/api.w.org\/{rel}","templated":true}]}}