{"id":89542,"date":"2025-09-28T00:29:13","date_gmt":"2025-09-28T00:29:13","guid":{"rendered":"https:\/\/www.europesays.com\/pt\/89542\/"},"modified":"2025-09-28T00:29:13","modified_gmt":"2025-09-28T00:29:13","slug":"montenegro-admite-confusao-sobre-habitacao-e-defende-que-governo-quer-igualdade-de-oportunidades","status":"publish","type":"post","link":"https:\/\/www.europesays.com\/pt\/89542\/","title":{"rendered":"Montenegro admite confus\u00e3o sobre habita\u00e7\u00e3o e defende que Governo quer &#8220;igualdade de oportunidades&#8221;"},"content":{"rendered":"<p>Lu\u00eds Montenegro falava num almo\u00e7o-com\u00edcio em Aveiro, ao lado do candidato do PSD\/CDS-PP\/PPM \u00e0 C\u00e2mara, Lu\u00eds Souto Miranda, onde tamb\u00e9m estiveram o presidente da distrital e secret\u00e1rio de Estado Em\u00eddio Sousa e o secret\u00e1rio de Estado da Administra\u00e7\u00e3o Local, Silv\u00e9rio Regalado.<\/p>\n<p data-remotead-prev-elm=\"true\" data-remotead-elm-id=\"inread\">Montenegro aproveitou para, tal como fez na sexta-feira em Esposende, tentar esclarecer os tetos m\u00e1ximos que o Governo aprovou na quinta-feira para que a constru\u00e7\u00e3o possa beneficiar de IVA reduzido a 6%: em casas para vender at\u00e9 648 mil euros ou para arrendar at\u00e9 2.300 euros.<\/p>\n<p>&#8220;Eu sei que isto est\u00e1 a causar muita confus\u00e3o e eu acho que \u00e9 muito bom que da confus\u00e3o nas\u00e7a o esclarecimento e da confus\u00e3o nas\u00e7a a ades\u00e3o do povo portugu\u00eas para um princ\u00edpio de solidariedade que muitas vezes reclamamos, e bem, para todos aqueles que vivem fora de Lisboa e do Porto&#8221;, afirmou.<\/p>\n<p data-remotead-prev-elm=\"true\" data-remotead-elm-id=\"centro1\">O primeiro-ministro frisou que, se \u00e9 preciso por todo o pa\u00eds garantir &#8220;as mesmas oportunidades que h\u00e1 em Lisboa e no Porto&#8221;, tamb\u00e9m \u00e9 preciso o contr\u00e1rio no caso da habita\u00e7\u00e3o.<\/p>\n<p>&#8220;H\u00e1 ou n\u00e3o h\u00e1 nas grandes \u00e1reas urbanas de Lisboa e do Porto, tamb\u00e9m da Pen\u00ednsula de Set\u00fabal, tamb\u00e9m no Algarve e tamb\u00e9m um bocadinho em Aveiro, um bocadinho em Braga e um bocadinho em Leiria, fam\u00edlias de pessoas trabalhadoras essenciais \u00e0 nossa din\u00e2mica comunit\u00e1ria, social e econ\u00f3mica que est\u00e3o constrangidos pela inacessibilidade ao mercado de arrendamento e portanto n\u00e3o est\u00e3o a ser direcionados e a manterem-se nestas geografias?&#8221;, questionou.<\/p>\n<p data-remotead-prev-elm=\"true\" data-remotead-elm-id=\"centro2\">Montenegro assinalou que \u00e9 nestas zonas onde o pre\u00e7o da habita\u00e7\u00e3o \u00e9 mais elevado que se sente mais a falta de m\u00e9dicos, professores, policiais e outros profissionais necess\u00e1rios para manter as urg\u00eancias abertas ou criar mais vagas para creches e pr\u00e9-escolar.<\/p>\n<p>&#8220;\u00c9 preciso ter coragem de dizer ao pa\u00eds que, por um lado, fora de Lisboa e do Porto, todos t\u00eam de ter oportunidades. Por outro lado, em Lisboa e no Porto, tamb\u00e9m todos t\u00eam de ter oportunidades. E \u00e9 isto que n\u00f3s estamos a fazer&#8221;, afirmou.<\/p>\n<p data-remotead-prev-elm=\"true\" data-remotead-elm-id=\"centro3\">Por outro lado, assegurou que o Governo n\u00e3o pretende excluir de apoios os que t\u00eam necessidades sociais maiores.<\/p>\n<p>&#8220;A sociedade n\u00e3o progride se n\u00f3s apenas nos direcionarmos para as pol\u00edticas sociais destinadas a trazer aqueles que est\u00e3o numa situa\u00e7\u00e3o de vulnerabilidade&#8221;, avisou.<\/p>\n<p data-remotead-prev-elm=\"true\" data-remotead-elm-id=\"centro4\">Antes, o candidato Lu\u00eds Souto Miranda tinha saudado Montenegro pela &#8220;coragem de fazer uma reforma tranquila&#8221;, quer na \u00e1rea da habita\u00e7\u00e3o quer no combate \u00e0 burocracia, considerando que o primeiro-ministro deu um sinal de confian\u00e7a nos autarcas ao levar alguns para o Governo.<\/p>\n<p>&#8220;\u00c9 preciso dar for\u00e7a ao nosso primeiro-ministro para reformar este pa\u00eds&#8221;, apelou, e avisou que, em Aveiro, est\u00e1 a ser constru\u00edda uma &#8220;coliga\u00e7\u00e3o negativa entre PS e Chega, j\u00e1 ensaiada no pa\u00eds&#8221;.<\/p>\n<p data-remotead-prev-elm=\"true\" data-remotead-elm-id=\"centro5\">Antes do almo\u00e7o, o atual presidente da C\u00e2mara, Ribau Esteves, que j\u00e1 atingiu o limite de mandatos e n\u00e3o se pode recandidatar, acompanhou uma arruada do candidato e do l\u00edder do PSD pelo centro da cidade, e deixou algumas palavras de incentivo<\/p>\n<p>&#8220;Lu\u00eds, a tua energia \u00e9 muito importante para esta quinzena que temos pela frente. A mobiliza\u00e7\u00e3o de cada um de n\u00f3s e de todos aqueles que conhecemos \u00e9 fundamental para que no dia 12 n\u00e3o tenhamos nenhuma retroescavadora a entrar pela nossa terra dentro&#8221;, disse, numa aparente refer\u00eancia \u00e0 possibilidade de o PS poder recuperar esta autarquia.<\/p>\n<p data-remotead-prev-elm=\"true\" data-remotead-elm-id=\"centro6\">Para al\u00e9m de Lu\u00eds Souto Miranda (PSD\/CDS-PP\/PPM), concorrem \u00e0s elei\u00e7\u00f5es aut\u00e1rquicas em Aveiro o seu irm\u00e3o, Alberto Souto (PS) &#8211; que j\u00e1 foi presidente da C\u00e2mara entre 1998 e 2005 &#8211; Miguel Gomes (IL), Isabel Tavares (CDU), Bruno Fonseca (Livre), Diogo Machado (Chega), Paulo Alves (N\u00f3s, Cidad\u00e3os!), Ana Rita Moreira (PAN) e Jo\u00e3o Moniz (BE).<\/p>\n<p>As elei\u00e7\u00f5es aut\u00e1rquicas est\u00e3o marcadas para 12 de outubro.<\/p>\n","protected":false},"excerpt":{"rendered":"Lu\u00eds Montenegro falava num almo\u00e7o-com\u00edcio em Aveiro, ao lado do candidato do PSD\/CDS-PP\/PPM \u00e0 C\u00e2mara, Lu\u00eds Souto Miranda,&hellip;\n","protected":false},"author":2,"featured_media":89543,"comment_status":"","ping_status":"","sticky":false,"template":"","format":"standard","meta":{"footnotes":""},"categories":[8],"tags":[1563,27,28,17593,15,16,301,456,14,25,26,1447,21,22,619,12,13,19,20,32,23,24,4579,33,17,18,29,30,31],"class_list":{"0":"post-89542","1":"post","2":"type-post","3":"status-publish","4":"format-standard","5":"has-post-thumbnail","7":"category-principais-noticias","8":"tag-aveiro","9":"tag-breaking-news","10":"tag-breakingnews","11":"tag-eleicoes-autarquicas","12":"tag-featured-news","13":"tag-featurednews","14":"tag-governo","15":"tag-habitacao","16":"tag-headlines","17":"tag-latest-news","18":"tag-latestnews","19":"tag-luis-montenegro","20":"tag-main-news","21":"tag-mainnews","22":"tag-nacional","23":"tag-news","24":"tag-noticias","25":"tag-noticias-principais","26":"tag-noticiasprincipais","27":"tag-portugal","28":"tag-principais-noticias","29":"tag-principaisnoticias","30":"tag-psd","31":"tag-pt","32":"tag-top-stories","33":"tag-topstories","34":"tag-ultimas","35":"tag-ultimas-noticias","36":"tag-ultimasnoticias"},"share_on_mastodon":{"url":"","error":""},"_links":{"self":[{"href":"https:\/\/www.europesays.com\/pt\/wp-json\/wp\/v2\/posts\/89542","targetHints":{"allow":["GET"]}}],"collection":[{"href":"https:\/\/www.europesays.com\/pt\/wp-json\/wp\/v2\/posts"}],"about":[{"href":"https:\/\/www.europesays.com\/pt\/wp-json\/wp\/v2\/types\/post"}],"author":[{"embeddable":true,"href":"https:\/\/www.europesays.com\/pt\/wp-json\/wp\/v2\/users\/2"}],"replies":[{"embeddable":true,"href":"https:\/\/www.europesays.com\/pt\/wp-json\/wp\/v2\/comments?post=89542"}],"version-history":[{"count":0,"href":"https:\/\/www.europesays.com\/pt\/wp-json\/wp\/v2\/posts\/89542\/revisions"}],"wp:featuredmedia":[{"embeddable":true,"href":"https:\/\/www.europesays.com\/pt\/wp-json\/wp\/v2\/media\/89543"}],"wp:attachment":[{"href":"https:\/\/www.europesays.com\/pt\/wp-json\/wp\/v2\/media?parent=89542"}],"wp:term":[{"taxonomy":"category","embeddable":true,"href":"https:\/\/www.europesays.com\/pt\/wp-json\/wp\/v2\/categories?post=89542"},{"taxonomy":"post_tag","embeddable":true,"href":"https:\/\/www.europesays.com\/pt\/wp-json\/wp\/v2\/tags?post=89542"}],"curies":[{"name":"wp","href":"https:\/\/api.w.org\/{rel}","templated":true}]}}