{"id":89804,"date":"2025-09-28T09:20:13","date_gmt":"2025-09-28T09:20:13","guid":{"rendered":"https:\/\/www.europesays.com\/pt\/89804\/"},"modified":"2025-09-28T09:20:13","modified_gmt":"2025-09-28T09:20:13","slug":"familia-desespera-por-obras-urgentes-que-nunca-mais-sao-feitas","status":"publish","type":"post","link":"https:\/\/www.europesays.com\/pt\/89804\/","title":{"rendered":"Fam\u00edlia desespera por obras urgentes que nunca mais s\u00e3o feitas"},"content":{"rendered":"<p>Andreia Magalh\u00e3es vive h\u00e1 37 anos numa casa do Bairro do Viso, que j\u00e1 pertenceu \u00e0 av\u00f3. &#8220;H\u00e1 pelo menos dez anos que est\u00e1 a precisar de obras urgentes. Tenho informado o IHRU disso mas s\u00f3 recebo um &#8220;vamos ver, vamos ver&#8221;&#8221;, lamenta a residente, ao JN.<\/p>\n<p data-remotead-prev-elm=\"true\" data-remotead-elm-id=\"inread\">Com um marido autista e dois filhos, de nove e oito anos, tamb\u00e9m com v\u00e1rios problemas de sa\u00fade e defici\u00eancia, Andreia come\u00e7a a ficar desesperada. J\u00e1 bateu a todas as portas e a casa j\u00e1 foi vista por diversas entidades, desde bombeiros, Prote\u00e7\u00e3o Civil, Junta de Freguesia, C\u00e2mara e at\u00e9 assistentes sociais e especialistas em sa\u00fade p\u00fablica. E nada. &#8220;Chove dentro de casa como se estiv\u00e9ssemos na rua. Os arm\u00e1rios da cozinha est\u00e3o a ficar podres, o ch\u00e3o est\u00e1 a levantar e j\u00e1 pusemos o guarda-vestidos ao lixo&#8221;, conta Andreia Magalh\u00e3es. H\u00e1 cerca de um m\u00eas, foi parte do teto da lavandaria que caiu. &#8220;Cinco minutos antes tinha ido estender roupa. Foi por pouco que n\u00e3o me caiu em cima&#8221;, destaca.<\/p>\n<p>Acesso exclusivo a assinantes<\/p>\n<p>Acesso ilimitado a conte\u00fados exclusivos<\/p>\n<p>Navega\u00e7\u00e3o sem publicidade intrusiva<\/p>\n<p>Vers\u00e3o digital do jornal, suplementos e revistas<\/p>\n","protected":false},"excerpt":{"rendered":"Andreia Magalh\u00e3es vive h\u00e1 37 anos numa casa do Bairro do Viso, que j\u00e1 pertenceu \u00e0 av\u00f3. &#8220;H\u00e1&hellip;\n","protected":false},"author":2,"featured_media":89805,"comment_status":"","ping_status":"","sticky":false,"template":"","format":"standard","meta":{"footnotes":"","_share_on_mastodon":"0"},"categories":[10],"tags":[27,28,20018,15,16,456,14,22567,25,26,21,22,12,13,19,20,32,23,24,33,17,18,29,30,31],"class_list":["post-89804","post","type-post","status-publish","format-standard","has-post-thumbnail","category-portugal","tag-breaking-news","tag-breakingnews","tag-concelho-porto","tag-featured-news","tag-featurednews","tag-habitacao","tag-headlines","tag-ihru","tag-latest-news","tag-latestnews","tag-main-news","tag-mainnews","tag-news","tag-noticias","tag-noticias-principais","tag-noticiasprincipais","tag-portugal","tag-principais-noticias","tag-principaisnoticias","tag-pt","tag-top-stories","tag-topstories","tag-ultimas","tag-ultimas-noticias","tag-ultimasnoticias"],"share_on_mastodon":{"url":"","error":""},"_links":{"self":[{"href":"https:\/\/www.europesays.com\/pt\/wp-json\/wp\/v2\/posts\/89804","targetHints":{"allow":["GET"]}}],"collection":[{"href":"https:\/\/www.europesays.com\/pt\/wp-json\/wp\/v2\/posts"}],"about":[{"href":"https:\/\/www.europesays.com\/pt\/wp-json\/wp\/v2\/types\/post"}],"author":[{"embeddable":true,"href":"https:\/\/www.europesays.com\/pt\/wp-json\/wp\/v2\/users\/2"}],"replies":[{"embeddable":true,"href":"https:\/\/www.europesays.com\/pt\/wp-json\/wp\/v2\/comments?post=89804"}],"version-history":[{"count":0,"href":"https:\/\/www.europesays.com\/pt\/wp-json\/wp\/v2\/posts\/89804\/revisions"}],"wp:featuredmedia":[{"embeddable":true,"href":"https:\/\/www.europesays.com\/pt\/wp-json\/wp\/v2\/media\/89805"}],"wp:attachment":[{"href":"https:\/\/www.europesays.com\/pt\/wp-json\/wp\/v2\/media?parent=89804"}],"wp:term":[{"taxonomy":"category","embeddable":true,"href":"https:\/\/www.europesays.com\/pt\/wp-json\/wp\/v2\/categories?post=89804"},{"taxonomy":"post_tag","embeddable":true,"href":"https:\/\/www.europesays.com\/pt\/wp-json\/wp\/v2\/tags?post=89804"}],"curies":[{"name":"wp","href":"https:\/\/api.w.org\/{rel}","templated":true}]}}