{"id":89881,"date":"2025-09-28T10:58:10","date_gmt":"2025-09-28T10:58:10","guid":{"rendered":"https:\/\/www.europesays.com\/pt\/89881\/"},"modified":"2025-09-28T10:58:10","modified_gmt":"2025-09-28T10:58:10","slug":"mario-sergio-morre-na-novela-vale-tudo-neste-sabado","status":"publish","type":"post","link":"https:\/\/www.europesays.com\/pt\/89881\/","title":{"rendered":"M\u00e1rio S\u00e9rgio morre na novela &#8216;Vale Tudo&#8217; neste s\u00e1bado"},"content":{"rendered":"<p class=\"texto\">M\u00e1rio S\u00e9rgio (Thomas Aquino) vai morrer no cap\u00edtulo de hoje, s\u00e1bado, 27, em<a href=\"https:\/\/www.correiobraziliense.com.br\/tags\/vale-tudo\/\" target=\"_blank\" rel=\"nofollow noopener\"> &#8216;Vale Tudo<\/a>&#8216;. O personagem ser\u00e1, de forma n\u00e3o proposital, v\u00edtima da briga entre <a href=\"https:\/\/www.correiobraziliense.com.br\/colunistas\/mariana-morais\/2025\/06\/7164394-vale-tudo-descubra-qual-era-o-segredo-de-odete-roitman-na-novela-original.html\" target=\"_blank\" rel=\"nofollow noopener\">Odete Roitman<\/a> (D\u00e9bora Bloch) e Marco Aur\u00e9lio (Alexandre Nero).<\/p>\n<p class=\"texto\">Como a vil\u00e3 reparou que Marco Aur\u00e9lio tem o costume de tomar sempre os mesmos rem\u00e9dios, aproveitou para encomendar uma vers\u00e3o envenenada e deixar com que o rival tomasse sem perceber.<\/p>\n<p class=\"texto\"><strong>Leia tamb\u00e9m:\u00a0<a href=\"https:\/\/www.correiobraziliense.com.br\/colunistas\/mariana-morais\/2025\/09\/7256205-vale-tudo-gravacao-da-morte-de-odete-roitman-vaza-na-web.html\" target=\"_blank\" rel=\"nofollow noopener\">Vale Tudo: Grava\u00e7\u00e3o da morte de Odete Roitman vaza na web<\/a><\/strong><\/p>\n<p class=\"texto\">Por\u00e9m, M\u00e1rio S\u00e9rgio surge em determinado momento reclamando de dores ap\u00f3s jogar uma partida de futebol. Marco Aur\u00e9lio sugere que o personagem tome um de seus rem\u00e9dios, que seriam \u00f3timos para dor. Ele aceita o conselho e, em seguida, come\u00e7a a passar mal.<\/p>\n<p class=\"texto\">M\u00e1rio S\u00e9rgio vai ao ch\u00e3o e causa a preocupa\u00e7\u00e3o dos outros funcion\u00e1rios da TCA. Ser\u00e1 atendido por m\u00e9dicos, mas, diante de um enfarte, n\u00e3o resiste e morre. Odete Roitman e Marco Aur\u00e9lio devem se encarar em sil\u00eancio enquanto testemunham a cena.<\/p>\n<p class=\"texto\"><strong>Leia tamb\u00e9m:\u00a0<a href=\"https:\/\/www.correiobraziliense.com.br\/diversao-e-arte\/2025\/09\/7257137-joao-vicente-de-castro-revela-bastidores-de-vale-tudo-e-rebate-rumores-de-climao.html\" target=\"_blank\" rel=\"nofollow noopener\">Jo\u00e3o Vicente de Castro revela bastidores de \u2018Vale Tudo\u2019 e rebate rumores de clim\u00e3o<\/a><\/strong><\/p>\n<p class=\"texto\">O cap\u00edtulo de hoje de &#8216;Vale Tudo&#8217;, que conta com a morte de M\u00e1rio S\u00e9rgio, vai ao ar a partir das 21h20 na TV Globo. Tamb\u00e9m \u00e9 poss\u00edvel assistir \u00e0 atra\u00e7\u00e3o no streaming Globoplay, ao vivo.<\/p>\n<p class=\"texto\"><strong><a href=\"https:\/\/whatsapp.com\/channel\/0029VaB1U9a002T64ex1Sy2w\" rel=\"nofollow noopener\" target=\"_blank\">Siga o canal do Correio no WhatsApp e receba as principais not\u00edcias do dia no seu celular<\/a><\/strong><\/p>\n<p>                            <a href=\"https:\/\/www.correiobraziliense.com.br\/autor\/agencia-estado\/page\/1\/\" style=\"height: 100%;\" rel=\"nofollow noopener\" target=\"_blank\"><img decoding=\"async\" class=\"hidden-print author-circle d-block h6 mt-0 mb-0 mr-6 text-center\" src=\"https:\/\/www.europesays.com\/pt\/wp-content\/uploads\/2025\/07\/logo_agencia_estado-29032127.png\" alt=\"\" width=\"40\" height=\"40\" loading=\"lazy\" style=\"object-fit:cover; width: 40px; height: 40px; margin-right:10px;\"\/><\/a><a href=\"https:\/\/www.correiobraziliense.com.br\/autor\/agencia-estado\/page\/1\/\" rel=\"nofollow noopener\" target=\"_blank\"><img decoding=\"async\" class=\"hidden-print author-circle d-block h6 mt-0 mb-0 mr-6 text-center\" src=\"https:\/\/www.europesays.com\/pt\/wp-content\/uploads\/2025\/07\/logo_agencia_estado-29032127.png\" alt=\"\" width=\"40\" height=\"40\" loading=\"lazy\" style=\"object-fit:cover; width: 40px; height: 40px; margin-right:10px;\"\/><\/a><\/p>\n","protected":false},"excerpt":{"rendered":"M\u00e1rio S\u00e9rgio (Thomas Aquino) vai morrer no cap\u00edtulo de hoje, s\u00e1bado, 27, em &#8216;Vale Tudo&#8216;. O personagem ser\u00e1,&hellip;\n","protected":false},"author":2,"featured_media":89882,"comment_status":"","ping_status":"","sticky":false,"template":"","format":"standard","meta":{"footnotes":""},"categories":[142],"tags":[114,115,753,1437,2931,17446,32,33,151,2154],"class_list":{"0":"post-89881","1":"post","2":"type-post","3":"status-publish","4":"format-standard","5":"has-post-thumbnail","7":"category-tv","8":"tag-entertainment","9":"tag-entretenimento","10":"tag-globo","11":"tag-morte","12":"tag-novela","13":"tag-odete","14":"tag-portugal","15":"tag-pt","16":"tag-tv","17":"tag-vale-tudo"},"share_on_mastodon":{"url":"","error":""},"_links":{"self":[{"href":"https:\/\/www.europesays.com\/pt\/wp-json\/wp\/v2\/posts\/89881","targetHints":{"allow":["GET"]}}],"collection":[{"href":"https:\/\/www.europesays.com\/pt\/wp-json\/wp\/v2\/posts"}],"about":[{"href":"https:\/\/www.europesays.com\/pt\/wp-json\/wp\/v2\/types\/post"}],"author":[{"embeddable":true,"href":"https:\/\/www.europesays.com\/pt\/wp-json\/wp\/v2\/users\/2"}],"replies":[{"embeddable":true,"href":"https:\/\/www.europesays.com\/pt\/wp-json\/wp\/v2\/comments?post=89881"}],"version-history":[{"count":0,"href":"https:\/\/www.europesays.com\/pt\/wp-json\/wp\/v2\/posts\/89881\/revisions"}],"wp:featuredmedia":[{"embeddable":true,"href":"https:\/\/www.europesays.com\/pt\/wp-json\/wp\/v2\/media\/89882"}],"wp:attachment":[{"href":"https:\/\/www.europesays.com\/pt\/wp-json\/wp\/v2\/media?parent=89881"}],"wp:term":[{"taxonomy":"category","embeddable":true,"href":"https:\/\/www.europesays.com\/pt\/wp-json\/wp\/v2\/categories?post=89881"},{"taxonomy":"post_tag","embeddable":true,"href":"https:\/\/www.europesays.com\/pt\/wp-json\/wp\/v2\/tags?post=89881"}],"curies":[{"name":"wp","href":"https:\/\/api.w.org\/{rel}","templated":true}]}}