{"id":90009,"date":"2025-09-28T13:06:09","date_gmt":"2025-09-28T13:06:09","guid":{"rendered":"https:\/\/www.europesays.com\/pt\/90009\/"},"modified":"2025-09-28T13:06:09","modified_gmt":"2025-09-28T13:06:09","slug":"livro-sitiados-revela-bastidores-do-congresso-de-ibiuna-e-maior-prisao-em-massa-da-historia-do-brasil","status":"publish","type":"post","link":"https:\/\/www.europesays.com\/pt\/90009\/","title":{"rendered":"Livro &#8216;Sitiados&#8217; revela bastidores do Congresso de Ibi\u00fana e maior pris\u00e3o em massa da hist\u00f3ria do Brasil"},"content":{"rendered":"<p style=\"text-align: justify;\" data-start=\"337\" data-end=\"795\">O <strong data-start=\"339\" data-end=\"377\">jornalista e escritor Jason T\u00e9rcio<\/strong> lan\u00e7a <strong data-start=\"384\" data-end=\"436\">Sitiados \u2013 A saga do Congresso de Ibi\u00fana em 1968<\/strong>, obra que detalha o <strong data-start=\"457\" data-end=\"513\">30\u00ba Congresso da Uni\u00e3o Nacional dos Estudantes (UNE)<\/strong> e a <strong data-start=\"518\" data-end=\"566\">maior pris\u00e3o em massa da hist\u00f3ria brasileira<\/strong>, ocorrida no interior de S\u00e3o Paulo. Em <strong data-start=\"606\" data-end=\"625\">outubro de 1968<\/strong>, cerca de <strong data-start=\"636\" data-end=\"654\">800 estudantes<\/strong> foram cercados pela pol\u00edcia durante uma reuni\u00e3o clandestina, resultando na pris\u00e3o de centenas de participantes no <strong data-start=\"769\" data-end=\"792\">Pres\u00eddio Tiradentes<\/strong>.<\/p>\n<p><strong data-start=\"800\" data-end=\"827\">Organiza\u00e7\u00e3o e repress\u00e3o<\/strong><\/p>\n<p style=\"text-align: justify;\" data-start=\"830\" data-end=\"1223\">O livro detalha a <strong data-start=\"848\" data-end=\"887\">prepara\u00e7\u00e3o clandestina do congresso<\/strong>, incluindo o uso de <strong data-start=\"908\" data-end=\"934\">senhas e contrassenhas<\/strong>, deslocamentos secretos, improvisos log\u00edsticos e vigil\u00e2ncia policial com <strong data-start=\"1008\" data-end=\"1031\">agentes infiltrados<\/strong>. Al\u00e9m disso, s\u00e3o abordados <strong data-start=\"1059\" data-end=\"1081\">conflitos internos<\/strong> entre correntes da esquerda universit\u00e1ria, que disputavam espa\u00e7o e dire\u00e7\u00e3o na UNE, em meio a um <strong data-start=\"1178\" data-end=\"1220\">contexto de intensa repress\u00e3o pol\u00edtica<\/strong>.<\/p>\n<p><strong data-start=\"1229\" data-end=\"1251\">Contexto hist\u00f3rico<\/strong><\/p>\n<p style=\"text-align: justify;\" data-start=\"1254\" data-end=\"1558\">O autor contextualiza o epis\u00f3dio em <strong data-start=\"1290\" data-end=\"1298\">1968<\/strong>, ano marcado pelo <strong data-start=\"1317\" data-end=\"1346\">assassinato de Edson Lu\u00eds<\/strong>, pela <strong data-start=\"1353\" data-end=\"1377\">Passeata dos Cem Mil<\/strong> e pelo avan\u00e7o da repress\u00e3o militar. Internacionalmente, o per\u00edodo tamb\u00e9m registrava <strong data-start=\"1462\" data-end=\"1483\">rebeli\u00f5es juvenis<\/strong>, de Paris ao Vietn\u00e3, influenciando a atua\u00e7\u00e3o dos estudantes brasileiros.<\/p>\n<p><strong data-start=\"1563\" data-end=\"1619\">Pris\u00e3o em massa e resist\u00eancia no Pres\u00eddio Tiradentes<\/strong><\/p>\n<p style=\"text-align: justify;\" data-start=\"1622\" data-end=\"1968\">A obra reconstr\u00f3i com base em <strong data-start=\"1652\" data-end=\"1749\">documentos do DOPS, depoimentos de participantes, panfletos, fotografias e registros de \u00e9poca<\/strong> a invas\u00e3o do s\u00edtio em Ibi\u00fana e as condi\u00e7\u00f5es enfrentadas pelos estudantes presos no <strong data-start=\"1833\" data-end=\"1856\">Pres\u00eddio Tiradentes<\/strong>. O livro detalha <strong data-start=\"1874\" data-end=\"1937\">a vida prec\u00e1ria, estrat\u00e9gias de resist\u00eancia e solidariedade<\/strong> dentro da unidade prisional.<\/p>\n<p><strong data-start=\"1974\" data-end=\"2003\">Impacto pol\u00edtico e legado<\/strong><\/p>\n<p style=\"text-align: justify;\" data-start=\"2006\" data-end=\"2376\">Entre os estudantes detidos estavam <strong data-start=\"2042\" data-end=\"2093\">Jos\u00e9 Dirceu, Vladimir Palmeira e Lu\u00eds Travassos<\/strong>, que mais tarde ocupariam pap\u00e9is centrais na pol\u00edtica e cultura brasileiras. T\u00e9rcio demonstra que, mesmo com a derrota imediata, <strong data-start=\"2223\" data-end=\"2303\">a experi\u00eancia de Ibi\u00fana influenciou novas formas de enfrentamento \u00e0 ditadura<\/strong>, consolidando a participa\u00e7\u00e3o estudantil como for\u00e7a pol\u00edtica relevante.<\/p>\n<p><strong data-start=\"2381\" data-end=\"2404\">Relev\u00e2ncia do livro<\/strong><\/p>\n<p style=\"text-align: justify;\" data-start=\"2407\" data-end=\"2741\"><strong data-start=\"2407\" data-end=\"2419\">Sitiados<\/strong> combina <strong data-start=\"2428\" data-end=\"2486\">jornalismo investigativo, cr\u00f4nica hist\u00f3rica e suspense<\/strong>, oferecendo uma narrativa detalhada que <strong data-start=\"2527\" data-end=\"2565\">dialoga com dilemas contempor\u00e2neos<\/strong>, como <strong data-start=\"2572\" data-end=\"2625\">autoritarismo, repress\u00e3o e mobiliza\u00e7\u00f5es populares<\/strong>. O livro destaca o papel do movimento estudantil como agente de transforma\u00e7\u00e3o social e mem\u00f3ria hist\u00f3rica do pa\u00eds.<\/p>\n<p>Like this:<\/p>\n<p>Like Loading&#8230;<\/p>\n<p><a class=\"sd-link-color\"\/><\/p>\n<p>\n\tRelacionado\n<\/p>\n<p>\tDiscover more from Jornal Grande Bahia (JGB)<\/p>\n<p class=\"has-text-align-center\" style=\"margin-top:10px;margin-bottom:10px;font-size:15px\">Subscribe to get the latest posts sent to your email.<\/p>\n","protected":false},"excerpt":{"rendered":"O jornalista e escritor Jason T\u00e9rcio lan\u00e7a Sitiados \u2013 A saga do Congresso de Ibi\u00fana em 1968, obra&hellip;\n","protected":false},"author":2,"featured_media":90010,"comment_status":"","ping_status":"","sticky":false,"template":"","format":"standard","meta":{"footnotes":""},"categories":[143],"tags":[169,10421,114,115,170,32,33],"class_list":{"0":"post-90009","1":"post","2":"type-post","3":"status-publish","4":"format-standard","5":"has-post-thumbnail","7":"category-livros","8":"tag-books","9":"tag-cultura-literatura","10":"tag-entertainment","11":"tag-entretenimento","12":"tag-livros","13":"tag-portugal","14":"tag-pt"},"share_on_mastodon":{"url":"","error":""},"_links":{"self":[{"href":"https:\/\/www.europesays.com\/pt\/wp-json\/wp\/v2\/posts\/90009","targetHints":{"allow":["GET"]}}],"collection":[{"href":"https:\/\/www.europesays.com\/pt\/wp-json\/wp\/v2\/posts"}],"about":[{"href":"https:\/\/www.europesays.com\/pt\/wp-json\/wp\/v2\/types\/post"}],"author":[{"embeddable":true,"href":"https:\/\/www.europesays.com\/pt\/wp-json\/wp\/v2\/users\/2"}],"replies":[{"embeddable":true,"href":"https:\/\/www.europesays.com\/pt\/wp-json\/wp\/v2\/comments?post=90009"}],"version-history":[{"count":0,"href":"https:\/\/www.europesays.com\/pt\/wp-json\/wp\/v2\/posts\/90009\/revisions"}],"wp:featuredmedia":[{"embeddable":true,"href":"https:\/\/www.europesays.com\/pt\/wp-json\/wp\/v2\/media\/90010"}],"wp:attachment":[{"href":"https:\/\/www.europesays.com\/pt\/wp-json\/wp\/v2\/media?parent=90009"}],"wp:term":[{"taxonomy":"category","embeddable":true,"href":"https:\/\/www.europesays.com\/pt\/wp-json\/wp\/v2\/categories?post=90009"},{"taxonomy":"post_tag","embeddable":true,"href":"https:\/\/www.europesays.com\/pt\/wp-json\/wp\/v2\/tags?post=90009"}],"curies":[{"name":"wp","href":"https:\/\/api.w.org\/{rel}","templated":true}]}}