{"id":90011,"date":"2025-09-28T13:07:16","date_gmt":"2025-09-28T13:07:16","guid":{"rendered":"https:\/\/www.europesays.com\/pt\/90011\/"},"modified":"2025-09-28T13:07:16","modified_gmt":"2025-09-28T13:07:16","slug":"liliana-fala-do-namorado-que-tem-ca-fora-e-um-situacao-que-ainda-nao-esta-bem-resolvida-noticias-de-hoje-iol","status":"publish","type":"post","link":"https:\/\/www.europesays.com\/pt\/90011\/","title":{"rendered":"Liliana fala do namorado que tem c\u00e1 fora: \u00ab\u00c9 um situa\u00e7\u00e3o que ainda n\u00e3o est\u00e1 bem resolvida\u00bb &#8211; Not\u00edcias de hoje &#8211; IOL"},"content":{"rendered":"<ol>\n<li><a href=\"https:\/\/news.google.com\/rss\/articles\/CBMi2gFBVV95cUxPNzRGNkQ1SElxYXVPd3hSV0dTY2dIWEVfT1REX3lzVWtkLWIybUlidTQ3ZWExWmpDNnhPYUZxdEx4RHpDaWdQVlREcDN0NEs2NHI5MjlOX2RtZnM5RkUxZnAyVFhQX3oyLXRzM0ExUkV0aUtrZHA3UmJqWTRSTk1LVlRWdGRmSW8tUVJEMjFIU1dVOFEtcFJfWWU0T0VvOTI1UVhENldvYU5pRmxKbzBnQ21sZ3RwSnFxUTQ5Z2VSdmoyMk56enZNdmJZLS1QaEVtcFNqbW5NRVhxdw?oc=5\" target=\"_blank\" rel=\"nofollow noopener\">Liliana fala do namorado que tem c\u00e1 fora: \u00ab\u00c9 um situa\u00e7\u00e3o que ainda n\u00e3o est\u00e1 bem resolvida\u00bb<\/a>&nbsp;&nbsp;Not\u00edcias de hoje &#8211; IOL<\/li>\n<li><a href=\"https:\/\/news.google.com\/rss\/articles\/CBMi4gFBVV95cUxNVXdmN0t6OFVacE54eXFDV0NuZkdzQmlqamRNNXAyek9qeEtQS3ZXZ043YUdYVEZ6N0o0YXBLUng5cFd0bmExREhUN3VUcml3ZHdrVHEyd0VMYy1PcE9wb0NkcDVteGJ4akpiOFdYVHM2WDdSSHRqZmpESTRuUUxla1c5NG00S3FFVTFheFlYeEJsZkNuR1UwRm80eThDbmFfZnNHbVowZ215V25BS3Ewc29vd2x6WlFDZWNMSWlKM3Y4YmxiWHpndlZ3VDhDcXc1TEVyTjBual84ZmZEcDlZaDlB?oc=5\" target=\"_blank\" rel=\"nofollow noopener\">Casa dos Segredos- Z\u00e9 fala em exclusivo \u00e0 TV 7 Dias sobre Liliana: \u201cConsegui transmitir-lhe paz na vida\u201d<\/a>&nbsp;&nbsp;SAPO<\/li>\n<li><a href=\"https:\/\/news.google.com\/rss\/articles\/CBMiuAFBVV95cUxPVVpJODcwWnRublliSlQwV3QyM1J0eWVPV3huUC05S2UyazRGMG5PaEJaSGk2QUVsVDBMRUthUzhYMUV6Y3FxRGlvUkxIMjFoZ1RDZTNab1RsQk93cVdQRFRPbGtYSkRva2xDZmlmUTVnWWZ0RkY1MGwwemdEUmdPZ3R5T0NkZDYybjFTZHhlTUFQaTk4WWdrNW13d1N4U2RhSjJHMlZzcmJJSmdWSVJfdThQb3ZNQkZz?oc=5\" target=\"_blank\" rel=\"nofollow noopener\">Secret Story: Liliana afirma &#8220;nunca tive um homem que me tratasse t\u00e3o bem como o meu namorado atual&#8221;<\/a>&nbsp;&nbsp;infocul.pt<\/li>\n<li><a href=\"https:\/\/news.google.com\/rss\/articles\/CBMitgFBVV95cUxOdVE2dzhpR2pYNWFoNzUzSEI1M2dFeEpKTTR4a2k1WTFneVo5T1lENTk1dHNkRV8zSkExUDJMRDJDR3N2UmQ4dHlsSTBYUHltd2U0d0RjRS1uYWI4VHhqVFhTV0Z0UDZBTWJkdTRSaHZkSTJscF9xaHMzN0YydUhXLTJwWGUzZS1iUXZmTGgyTk9TZHZlVTZwUmFRYjVWNDBMbnFsS2ZHaWpoaG81dnh0Y2ZIWGZDZw?oc=5\" target=\"_blank\" rel=\"nofollow noopener\">Z\u00e9 Pedro defende rela\u00e7\u00e3o e fala do sofrimento da noiva: &#8220;Estou a tentar resguardar-me&#8221;<\/a>&nbsp;&nbsp;A Televis\u00e3o<\/li>\n<li><a href=\"https:\/\/news.google.com\/rss\/articles\/CBMiggJBVV95cUxONTBWVjQ3SkpMMFdNc1VyZmF6dHJrOGI5SjFMaXF5d194cldiZGRBTkZHMVROUGJXTm1WQWF4S3RtMlFkWWZBTFhyc2tKSnJEaFo1Q1k2OUJ0X0lBTmo2czdRaWNRS2ZINEVIV1lBc3JOOU1YX3pyVGx4blFHZjVUbXFKbFFwNVIxWERaWl9OZ1IzS240NnNJMHM4bnNxRXFRSlZfVE94Z21ENk5BV203bnNLa3BDUFFNczRucmpHcFozUkRoRGp2SGRRekFLM1FFd3pPLUVyLVc3S0dmLUE1VUFUVGh3YTJoUVlZcmZaTGIzeXpXazFLVG5lT0RYRVJCR0E?oc=5\" target=\"_blank\" rel=\"nofollow noopener\">Um amor com quatro anos e que j\u00e1 resistiu a tudo, mas est\u00e1 em risco na Casa dos Segredos: as imagens mais rom\u00e2nticas de Z\u00e9 Pedro e Liliana<\/a>&nbsp;&nbsp;TV Guia.pt<\/li>\n<\/ol>\n","protected":false},"excerpt":{"rendered":"Liliana fala do namorado que tem c\u00e1 fora: \u00ab\u00c9 um situa\u00e7\u00e3o que ainda n\u00e3o est\u00e1 bem resolvida\u00bb&nbsp;&nbsp;Not\u00edcias de&hellip;\n","protected":false},"author":2,"featured_media":90012,"comment_status":"","ping_status":"","sticky":false,"template":"","format":"standard","meta":{"footnotes":""},"categories":[142],"tags":[114,115,488,19016,13,32,33,151],"class_list":{"0":"post-90011","1":"post","2":"type-post","3":"status-publish","4":"format-standard","5":"has-post-thumbnail","7":"category-tv","8":"tag-entertainment","9":"tag-entretenimento","10":"tag-iol","11":"tag-liliana","12":"tag-noticias","13":"tag-portugal","14":"tag-pt","15":"tag-tv"},"share_on_mastodon":{"url":"","error":""},"_links":{"self":[{"href":"https:\/\/www.europesays.com\/pt\/wp-json\/wp\/v2\/posts\/90011","targetHints":{"allow":["GET"]}}],"collection":[{"href":"https:\/\/www.europesays.com\/pt\/wp-json\/wp\/v2\/posts"}],"about":[{"href":"https:\/\/www.europesays.com\/pt\/wp-json\/wp\/v2\/types\/post"}],"author":[{"embeddable":true,"href":"https:\/\/www.europesays.com\/pt\/wp-json\/wp\/v2\/users\/2"}],"replies":[{"embeddable":true,"href":"https:\/\/www.europesays.com\/pt\/wp-json\/wp\/v2\/comments?post=90011"}],"version-history":[{"count":0,"href":"https:\/\/www.europesays.com\/pt\/wp-json\/wp\/v2\/posts\/90011\/revisions"}],"wp:featuredmedia":[{"embeddable":true,"href":"https:\/\/www.europesays.com\/pt\/wp-json\/wp\/v2\/media\/90012"}],"wp:attachment":[{"href":"https:\/\/www.europesays.com\/pt\/wp-json\/wp\/v2\/media?parent=90011"}],"wp:term":[{"taxonomy":"category","embeddable":true,"href":"https:\/\/www.europesays.com\/pt\/wp-json\/wp\/v2\/categories?post=90011"},{"taxonomy":"post_tag","embeddable":true,"href":"https:\/\/www.europesays.com\/pt\/wp-json\/wp\/v2\/tags?post=90011"}],"curies":[{"name":"wp","href":"https:\/\/api.w.org\/{rel}","templated":true}]}}