{"id":90088,"date":"2025-09-28T14:25:47","date_gmt":"2025-09-28T14:25:47","guid":{"rendered":"https:\/\/www.europesays.com\/pt\/90088\/"},"modified":"2025-09-28T14:25:47","modified_gmt":"2025-09-28T14:25:47","slug":"quase-dois-mil-bombeiros-testaram-os-limites-no-bom-jesus","status":"publish","type":"post","link":"https:\/\/www.europesays.com\/pt\/90088\/","title":{"rendered":"Quase dois mil bombeiros testaram os limites no Bom Jesus"},"content":{"rendered":"<p>Estiveram representadas corpora\u00e7\u00f5es de v\u00e1rios pa\u00edses da Europa, de \u00c1frica e da Am\u00e9rica do Sul. David Vieira, dos Bombeiros Sapadores do Funchal, pulverizou o recorde da subida dos 566 degraus, com um tempo de 5,23 minutos, menos tr\u00eas segundos que o melhor registo anterior.<\/p>\n<p data-remotead-prev-elm=\"true\" data-remotead-elm-id=\"inread\">Quem n\u00e3o quis saber do cron\u00f3metro foi a dupla &#8211; pai e filho &#8211; Ricardo Silva, de 33 anos, e Salvador Martins, de seis. Ricardo Silva \u00e9 bombeiro volunt\u00e1rio em Santo Tirso h\u00e1 16 anos e esta foi a sua segunda participa\u00e7\u00e3o. Salvador, equipado com uma farda de infante (embora ainda n\u00e3o esteja formalmente inscrito na corpora\u00e7\u00e3o) enfrentou a subida de m\u00e3o dada com o pai.<\/p>\n<p>Acesso exclusivo a assinantes<\/p>\n<p>Acesso ilimitado a conte\u00fados exclusivos<\/p>\n<p>Navega\u00e7\u00e3o sem publicidade intrusiva<\/p>\n<p>Vers\u00e3o digital do jornal, suplementos e revistas<\/p>\n","protected":false},"excerpt":{"rendered":"Estiveram representadas corpora\u00e7\u00f5es de v\u00e1rios pa\u00edses da Europa, de \u00c1frica e da Am\u00e9rica do Sul. David Vieira, dos&hellip;\n","protected":false},"author":2,"featured_media":90089,"comment_status":"","ping_status":"","sticky":false,"template":"","format":"standard","meta":{"footnotes":""},"categories":[10],"tags":[22616,627,27,28,22615,15,16,14,25,26,21,22,12,13,19,20,32,23,24,33,19643,17,18,29,30,31],"class_list":{"0":"post-90088","1":"post","2":"type-post","3":"status-publish","4":"format-standard","5":"has-post-thumbnail","7":"category-portugal","8":"tag-bom-jesus","9":"tag-bombeiros","10":"tag-breaking-news","11":"tag-breakingnews","12":"tag-concelho-braga","13":"tag-featured-news","14":"tag-featurednews","15":"tag-headlines","16":"tag-latest-news","17":"tag-latestnews","18":"tag-main-news","19":"tag-mainnews","20":"tag-news","21":"tag-noticias","22":"tag-noticias-principais","23":"tag-noticiasprincipais","24":"tag-portugal","25":"tag-principais-noticias","26":"tag-principaisnoticias","27":"tag-pt","28":"tag-resistencia","29":"tag-top-stories","30":"tag-topstories","31":"tag-ultimas","32":"tag-ultimas-noticias","33":"tag-ultimasnoticias"},"share_on_mastodon":{"url":"","error":""},"_links":{"self":[{"href":"https:\/\/www.europesays.com\/pt\/wp-json\/wp\/v2\/posts\/90088","targetHints":{"allow":["GET"]}}],"collection":[{"href":"https:\/\/www.europesays.com\/pt\/wp-json\/wp\/v2\/posts"}],"about":[{"href":"https:\/\/www.europesays.com\/pt\/wp-json\/wp\/v2\/types\/post"}],"author":[{"embeddable":true,"href":"https:\/\/www.europesays.com\/pt\/wp-json\/wp\/v2\/users\/2"}],"replies":[{"embeddable":true,"href":"https:\/\/www.europesays.com\/pt\/wp-json\/wp\/v2\/comments?post=90088"}],"version-history":[{"count":0,"href":"https:\/\/www.europesays.com\/pt\/wp-json\/wp\/v2\/posts\/90088\/revisions"}],"wp:featuredmedia":[{"embeddable":true,"href":"https:\/\/www.europesays.com\/pt\/wp-json\/wp\/v2\/media\/90089"}],"wp:attachment":[{"href":"https:\/\/www.europesays.com\/pt\/wp-json\/wp\/v2\/media?parent=90088"}],"wp:term":[{"taxonomy":"category","embeddable":true,"href":"https:\/\/www.europesays.com\/pt\/wp-json\/wp\/v2\/categories?post=90088"},{"taxonomy":"post_tag","embeddable":true,"href":"https:\/\/www.europesays.com\/pt\/wp-json\/wp\/v2\/tags?post=90088"}],"curies":[{"name":"wp","href":"https:\/\/api.w.org\/{rel}","templated":true}]}}