{"id":90224,"date":"2025-09-28T16:38:07","date_gmt":"2025-09-28T16:38:07","guid":{"rendered":"https:\/\/www.europesays.com\/pt\/90224\/"},"modified":"2025-09-28T16:38:07","modified_gmt":"2025-09-28T16:38:07","slug":"nao-e-a-guerra-na-ucrania-lukashenko-avisa-para-resposta-imediata-em-caso-de-ataque-da-nato","status":"publish","type":"post","link":"https:\/\/www.europesays.com\/pt\/90224\/","title":{"rendered":"&#8220;N\u00e3o \u00e9 a guerra na Ucr\u00e2nia&#8221;. Lukashenko avisa para &#8220;resposta imediata&#8221; em caso de ataque da NATO"},"content":{"rendered":"<p>&#13;<br \/>\n<b>A Alian\u00e7a Atl\u00e2ntica agitou, na \u00faltima semana, a amea\u00e7a de uma rea\u00e7\u00e3o &#8220;firme&#8221; a atos &#8220;imprudentes&#8221;<\/b> atribu\u00eddos \u00e0 R\u00fassia, designadamente <b>a viola\u00e7\u00e3o de espa\u00e7os a\u00e9reos, entre os quais os c\u00e9us polacos ou da Est\u00f3nia<\/b>.Na Pol\u00f3nia foram detetados m\u00faltiplos drones e a Est\u00f3nia foi sobrevoada por tr\u00eas ca\u00e7as russos Mig-31. J<\/p>\n<p>J\u00e1 este domingo <b>as autoridades polacas encerraram parte do espa\u00e7o a\u00e9reo a sudeste da capital Vars\u00f3via, devido a atividade militar n\u00e3o planeada<\/b> &#8211; as For\u00e7as Armadas do pa\u00eds referem a\u00e7\u00f5es preventivas, depois de a R\u00fassia ter desencadeado uma <a href=\"https:\/\/www.rtp.pt\/noticias\/mundo\/ataque-noturno-russia-lanca-mais-de-500-drones-e-dezenas-misseis-contra-a-ucrania_n1686774\" target=\"_blank\" rel=\"nofollow noopener\">prolongada vaga de bombardeamento sobre a Ucr\u00e2nia<\/a>.<\/p>\n<p>Nas \u00faltimas horas, <b>o presidente da Bielorr\u00fassia subiu mais um degrau da ret\u00f3rica belicista, ao afian\u00e7ar que qualquer ataque protagonizado pela NATO merecer\u00e1 &#8220;resposta imediata&#8221;<\/b>, que vai extravasar o quadro de &#8220;uma guerra na Ucr\u00e2nia&#8221;.<\/p>\n<p>&#8220;Na hora da verdade, o que abater\u00e3o e como? Abater\u00e3o avi\u00f5es bielorrussos no nosso territ\u00f3rio?&#8221;, questionou-se Lukashenko,  em declara\u00e7\u00f5es citadas pela ag\u00eancia estatal Belta e pela Europa Press.&#13;\n<\/p>\n<p>&#13;<br \/>\nApontando que voa frequentemente at\u00e9 \u00e0 regi\u00e3o de Belovezhskaya Pushcha, na linha de fronteira com a Pol\u00f3nia, o chefe de Estado bielorrusso perguntou mesmo se os aliados ocidentais admitiriam &#8220;abater o helic\u00f3ptero do presidente ou algum helic\u00f3ptero de escolta militar&#8221;.&#13;\n<\/p>\n<p>&#13;<br \/>\n<b>&#8220;\u00c9 suposto ficarmos sentados? \u00c9 por isso que estas declara\u00e7\u00f5es s\u00e3o t\u00e3o ousadas. Que tentem. Teremos de, Deus nos livre, claro, lutar, como dizem na R\u00fassia, com todas as nossas for\u00e7as&#8221;<\/b>, insistiu.<br \/>&#13;<br \/>\n&#8220;Imediata&#8221; ou &#8220;decisiva&#8221;<br \/>&#13;<br \/>\n&#13;\n<\/p>\n<p>&#13;<br \/>\n<br \/>&#13;<br \/>\nAs palavras de Alexander Lukashenko s\u00e3o conhecidas um dia depois de o ministro russo dos Neg\u00f3cios Estrangeiros ter tecido um aviso an\u00e1logo a partir de Nova Iorque, durante o debate geral da 80\u00aa Assembleia Geral das Na\u00e7\u00f5es Unidas.<br \/>&#13;\n<\/p>\n<p>&#13;<br \/>\n<b>&#8220;A R\u00fassia \u00e9 acusada de quase planear atacar os pa\u00edses da NATO e da Uni\u00e3o Europeia. O presidente Vladimir Putin tem refutado repetidamente estas preocupa\u00e7\u00f5es&#8221;<\/b>, come\u00e7ou por evocar Serguei Lavrov.<\/p>\n<p><b>A R\u00fassia<\/b>, prosseguiu o veterano chefe da diplomacia de Moscovo, <b>&#8220;nunca teve nem tem essas inten\u00e7\u00f5es, mas qualquer agress\u00e3o contra o pa\u00eds ter\u00e1 uma resposta decisiva&#8221;<\/b>.&#8221;N\u00e3o deve haver d\u00favidas sobre isto entre os pa\u00edses da NATO e da UE&#8221;, vincou Lavrov.<\/p>\n<p><b>O ministro acusaria ainda o Ocidente de &#8220;dizer aos seus eleitores que a guerra com a R\u00fassia \u00e9 inevit\u00e1vel e a for\u00e7\u00e1-los a apertar o cinto&#8221;<\/b>, quando &#8220;falam abertamente sobre ataques a territ\u00f3rios russos&#8221;.<\/p>\n<p>Poucas horas antes de a m\u00e1quina de guerra russa desencadear uma vaga de 12 horas de bombardeamentos em solo ucraniano, atingindo, entre outros alvos, Kiev, Zaporizhia e Sumi, <b>Serguei Lavrov reiterava que Moscovo estava &#8220;pronta para discutir garantias de seguran\u00e7a&#8221; para o pa\u00eds invadido<\/b>.<\/p>\n<p>&#8220;At\u00e9 agora, nem Kiev nem os seus patrocinadores europeus parecem ter consci\u00eancia da gravidade da situa\u00e7\u00e3o ou estar dispostos a negociar honestamente&#8221;, concluiria.<\/p>\n<p>c\/ ag\u00eancias<br \/>&#13;<\/p>\n","protected":false},"excerpt":{"rendered":"&#13; A Alian\u00e7a Atl\u00e2ntica agitou, na \u00faltima semana, a amea\u00e7a de uma rea\u00e7\u00e3o &#8220;firme&#8221; a atos &#8220;imprudentes&#8221; atribu\u00eddos&hellip;\n","protected":false},"author":2,"featured_media":90225,"comment_status":"","ping_status":"","sticky":false,"template":"","format":"standard","meta":{"footnotes":""},"categories":[50],"tags":[22626,2870,27,28,15,16,830,14,25,26,21,22,20466,62,3400,12,13,19,20,3281,23,24,839,22627,17,18,840,29,30,31,2415,63,64,65],"class_list":{"0":"post-90224","1":"post","2":"type-post","3":"status-publish","4":"format-standard","5":"has-post-thumbnail","7":"category-mundo","8":"tag-alexander-lukashenko","9":"tag-bielorrussia","10":"tag-breaking-news","11":"tag-breakingnews","12":"tag-featured-news","13":"tag-featurednews","14":"tag-guerra","15":"tag-headlines","16":"tag-latest-news","17":"tag-latestnews","18":"tag-main-news","19":"tag-mainnews","20":"tag-ministro","21":"tag-mundo","22":"tag-nato","23":"tag-news","24":"tag-noticias","25":"tag-noticias-principais","26":"tag-noticiasprincipais","27":"tag-presidente","28":"tag-principais-noticias","29":"tag-principaisnoticias","30":"tag-russia","31":"tag-serguei-lavrov","32":"tag-top-stories","33":"tag-topstories","34":"tag-ucrania","35":"tag-ultimas","36":"tag-ultimas-noticias","37":"tag-ultimasnoticias","38":"tag-vladimir-putin","39":"tag-world","40":"tag-world-news","41":"tag-worldnews"},"share_on_mastodon":{"url":"","error":""},"_links":{"self":[{"href":"https:\/\/www.europesays.com\/pt\/wp-json\/wp\/v2\/posts\/90224","targetHints":{"allow":["GET"]}}],"collection":[{"href":"https:\/\/www.europesays.com\/pt\/wp-json\/wp\/v2\/posts"}],"about":[{"href":"https:\/\/www.europesays.com\/pt\/wp-json\/wp\/v2\/types\/post"}],"author":[{"embeddable":true,"href":"https:\/\/www.europesays.com\/pt\/wp-json\/wp\/v2\/users\/2"}],"replies":[{"embeddable":true,"href":"https:\/\/www.europesays.com\/pt\/wp-json\/wp\/v2\/comments?post=90224"}],"version-history":[{"count":0,"href":"https:\/\/www.europesays.com\/pt\/wp-json\/wp\/v2\/posts\/90224\/revisions"}],"wp:featuredmedia":[{"embeddable":true,"href":"https:\/\/www.europesays.com\/pt\/wp-json\/wp\/v2\/media\/90225"}],"wp:attachment":[{"href":"https:\/\/www.europesays.com\/pt\/wp-json\/wp\/v2\/media?parent=90224"}],"wp:term":[{"taxonomy":"category","embeddable":true,"href":"https:\/\/www.europesays.com\/pt\/wp-json\/wp\/v2\/categories?post=90224"},{"taxonomy":"post_tag","embeddable":true,"href":"https:\/\/www.europesays.com\/pt\/wp-json\/wp\/v2\/tags?post=90224"}],"curies":[{"name":"wp","href":"https:\/\/api.w.org\/{rel}","templated":true}]}}