{"id":90395,"date":"2025-09-28T18:52:11","date_gmt":"2025-09-28T18:52:11","guid":{"rendered":"https:\/\/www.europesays.com\/pt\/90395\/"},"modified":"2025-09-28T18:52:11","modified_gmt":"2025-09-28T18:52:11","slug":"treguas-em-gaza-em-discussao","status":"publish","type":"post","link":"https:\/\/www.europesays.com\/pt\/90395\/","title":{"rendered":"Tr\u00e9guas em Gaza em Discuss\u00e3o"},"content":{"rendered":"<p>O grupo islamita Hamas lamentou este domingo, dia 28 de setembro, n\u00e3o ter recebido qualquer nova proposta de mediadores para tr\u00e9guas em Gaza, depois da suspens\u00e3o das negocia\u00e7\u00f5es no in\u00edcio do m\u00eas, e afirmou-se disposto a considerar uma eventual oferta.<\/p>\n<p>As negocia\u00e7\u00f5es para um cessar-fogo entre Israel e o Hamas em Gaza foram suspensas depois de um ataque de Israel aos l\u00edderes do grupo islamita, realizado no in\u00edcio deste m\u00eas no Qatar, quando decorriam conversa\u00e7\u00f5es.<\/p>\n<p>O ataque provocou, segundo o Hamas, a morte de cinco membros do movimento islamita palestiniano &#8211; nenhum dos quais eram respons\u00e1vel da delega\u00e7\u00e3o de negocia\u00e7\u00f5es -, tendo sido criticado por v\u00e1rios Estados.<\/p>\n<p><strong>Este domingo, 28,, o Hamas admitiu estar disposto a considerar qualquer nova proposta \u201cde forma positiva e respons\u00e1vel\u201d, depois de o Presidente norte-americano, Donald Trump, ter apresentado um plano de 21 pontos para p\u00f4r fim \u00e0 guerra Gaza<\/strong> numa reuni\u00e3o com representantes de pa\u00edses \u00e1rabes realizada em Nova Iorque.<\/p>\n<p>Antes do ataque do in\u00edcio do m\u00eas, Israel tinha anunciado que aceitaria a proposta do Presidente norte-americano para um cessar-fogo em Gaza desde que isso implicasse a deposi\u00e7\u00e3o de armas pelo Hamas e liberta\u00e7\u00e3o de todos os ref\u00e9ns na Faixa de Gaza.<\/p>\n<p><strong>A proposta envolvia \u2014 de acordo com fugas de informa\u00e7\u00e3o para os meios de comunica\u00e7\u00e3o israelitas \u2014 a liberta\u00e7\u00e3o dos 48 ref\u00e9ns, vivos e mortos no primeiro dia do cessar-fogo.<\/strong><\/p>\n<p>A entrega dos ref\u00e9ns seria feita em troca de prisioneiros e detidos palestinianos, e do in\u00edcio, nesse dia, de negocia\u00e7\u00f5es para p\u00f4r fim definitivo \u00e0 guerra, sob a supervis\u00e3o de Donald Trump.<\/p>\n<p>O Governo de Israel lan\u00e7ou a ofensiva contra\u00a0Gaza a 7 de outubro de 2023, ap\u00f3s ataques do movimento islamita palestiniano em territ\u00f3rio israelita, nos quais 1.200 pessoas morreram e 251 foram feitas ref\u00e9ns.<\/p>\n<p>Em retalia\u00e7\u00e3o, o Governo israelita lan\u00e7ou uma ofensiva que j\u00e1 provocou a morte de mais de 66 mil palestinianos, segundo avan\u00e7ou hoje o Minist\u00e9rio da Sa\u00fade de Gaza, controlado pelo Hamas, mas cujos dados s\u00e3o reconhecidos pela ONU, tendo chegado a bloquear a entrada de alimentos e outros bens essenciais no enclave.<\/p>\n<p><strong>As Na\u00e7\u00f5es Unidas declararam no m\u00eas passado uma situa\u00e7\u00e3o de fome em Gaza e uma comiss\u00e3o internacional independente de investiga\u00e7\u00e3o da ONU acusou Israel de cometer genoc\u00eddio na Faixa de Gaza<\/strong> desde o in\u00edcio da guerra com a \u201cinten\u00e7\u00e3o de destruir\u201d os palestinianos.<\/p>\n<p>Pa\u00edses como a \u00c1frica do Sul denunciaram esta ofensiva perante o Tribunal Internacional de Justi\u00e7a (TIJ) como genoc\u00eddio, den\u00fancia feita tamb\u00e9m por organiza\u00e7\u00f5es de defesa dos direitos humanos internacionais e israelitas.<\/p>\n","protected":false},"excerpt":{"rendered":"O grupo islamita Hamas lamentou este domingo, dia 28 de setembro, n\u00e3o ter recebido qualquer nova proposta de&hellip;\n","protected":false},"author":2,"featured_media":90396,"comment_status":"","ping_status":"","sticky":false,"template":"","format":"standard","meta":{"footnotes":""},"categories":[50],"tags":[27,28,15,16,21290,255,14,259,25,26,21,22,62,12,13,19,20,23,24,17,18,29,30,31,63,64,65],"class_list":{"0":"post-90395","1":"post","2":"type-post","3":"status-publish","4":"format-standard","5":"has-post-thumbnail","7":"category-mundo","8":"tag-breaking-news","9":"tag-breakingnews","10":"tag-featured-news","11":"tag-featurednews","12":"tag-guerra-no-medio-oriente","13":"tag-hamas","14":"tag-headlines","15":"tag-israel","16":"tag-latest-news","17":"tag-latestnews","18":"tag-main-news","19":"tag-mainnews","20":"tag-mundo","21":"tag-news","22":"tag-noticias","23":"tag-noticias-principais","24":"tag-noticiasprincipais","25":"tag-principais-noticias","26":"tag-principaisnoticias","27":"tag-top-stories","28":"tag-topstories","29":"tag-ultimas","30":"tag-ultimas-noticias","31":"tag-ultimasnoticias","32":"tag-world","33":"tag-world-news","34":"tag-worldnews"},"share_on_mastodon":{"url":"","error":""},"_links":{"self":[{"href":"https:\/\/www.europesays.com\/pt\/wp-json\/wp\/v2\/posts\/90395","targetHints":{"allow":["GET"]}}],"collection":[{"href":"https:\/\/www.europesays.com\/pt\/wp-json\/wp\/v2\/posts"}],"about":[{"href":"https:\/\/www.europesays.com\/pt\/wp-json\/wp\/v2\/types\/post"}],"author":[{"embeddable":true,"href":"https:\/\/www.europesays.com\/pt\/wp-json\/wp\/v2\/users\/2"}],"replies":[{"embeddable":true,"href":"https:\/\/www.europesays.com\/pt\/wp-json\/wp\/v2\/comments?post=90395"}],"version-history":[{"count":0,"href":"https:\/\/www.europesays.com\/pt\/wp-json\/wp\/v2\/posts\/90395\/revisions"}],"wp:featuredmedia":[{"embeddable":true,"href":"https:\/\/www.europesays.com\/pt\/wp-json\/wp\/v2\/media\/90396"}],"wp:attachment":[{"href":"https:\/\/www.europesays.com\/pt\/wp-json\/wp\/v2\/media?parent=90395"}],"wp:term":[{"taxonomy":"category","embeddable":true,"href":"https:\/\/www.europesays.com\/pt\/wp-json\/wp\/v2\/categories?post=90395"},{"taxonomy":"post_tag","embeddable":true,"href":"https:\/\/www.europesays.com\/pt\/wp-json\/wp\/v2\/tags?post=90395"}],"curies":[{"name":"wp","href":"https:\/\/api.w.org\/{rel}","templated":true}]}}