{"id":90416,"date":"2025-09-28T19:08:10","date_gmt":"2025-09-28T19:08:10","guid":{"rendered":"https:\/\/www.europesays.com\/pt\/90416\/"},"modified":"2025-09-28T19:08:10","modified_gmt":"2025-09-28T19:08:10","slug":"sp-braga-x-nacional-ao-minuto-maisfutebol","status":"publish","type":"post","link":"https:\/\/www.europesays.com\/pt\/90416\/","title":{"rendered":"Sp. Braga X Nacional &#8211; AO MINUTO &#8211; Maisfutebol"},"content":{"rendered":"<ol>\n<li><a href=\"https:\/\/news.google.com\/rss\/articles\/CBMiXkFVX3lxTE9hWHZSdmc1aHpkWm5SajVBdGRqNGNEWFBoSkRmWWVSZ2VYTGZpZWNoLUp5Rkh2MU5lWTIxaVBDeEhMOFhiRDdOSWgwczhEZUJ0T2luTzRicHZHTEMwR1E?oc=5\" target=\"_blank\" rel=\"nofollow noopener\">Sp. Braga X Nacional &#8211; AO MINUTO<\/a>&nbsp;&nbsp;Maisfutebol<\/li>\n<li><a href=\"https:\/\/news.google.com\/rss\/articles\/CBMi0AFBVV95cUxOUFlOal9iUktSQ3BhWkMyRGZDbTI1aTR1OUg5SnFISnFaUFNjaDJ4Yk5JdE1UWU5PZlJFdGh3NmN1X2VmQ1FzMjJjaUx6NGc5WnpSQmdlbk5RZFlGbFFxQ1VtN3QzYmpYTmpHQU95eGdnVDlydlZ1MEpsaDNFT0JhZlBNZlVmYzRrOHQtMERlbmR6NlREeURySWFnWXJDbTdIUzd1RTdVSno4bU9iZzlrLUZpR1VYNGxGT2Nmd3MycG40YUZ1aW5aemNrWjNtVFRo?oc=5\" target=\"_blank\" rel=\"nofollow noopener\">Braga x Nacional Palpites &#8211; Onde Assistir ao Jogo, Hor\u00e1rio e Escala\u00e7\u00f5es 28\/09<\/a>&nbsp;&nbsp;Portal Uai<\/li>\n<li><a href=\"https:\/\/news.google.com\/rss\/articles\/CBMid0FVX3lxTE1hV19SS21rS1JOaU5haFBvMnJSbkpYT0tvUmJXdWtCMm9tYjRSZllMNVpPR2pFYWdDeTZ5d0lHY1ZPVEw0Y1FyLTFRc2Vtamc4RTF6dDhmZGxick9yMVM2a1pWNFdESWtUSmh5TFE3Z3pwSk1udlJB?oc=5\" target=\"_blank\" rel=\"nofollow noopener\">Liveblog SC Braga vs Nacional setembro 2025<\/a>&nbsp;&nbsp;A Bola<\/li>\n<li><a href=\"https:\/\/news.google.com\/rss\/articles\/CBMisAFBVV95cUxNeFR5Z201a3psOVk4UFVhaWdoMmR4alFNeUk3algxM3FnYW9aQTdNenF3UW5PbkxXUFUtaTd4WERNZnN3Y0ZJbnZSbkNvMWxkTnNndG1pTDJqb0stTkxyZXk4dks2VGlGMkM1UlBFYzhZSXFIc1B2TWt5aE1ReW10X2xfdlBJT1cwWm8tOWVaRDF2NFBwVDNtZDJER0lxYmtUVDNFbEp5Mk41SE5OMUlyNtIBtgFBVV95cUxOWm1oMnNVWGZ2dU03TGZHaUtoc2F6Y3ZsUHhodlNxRWowOGtDc3JOMm1KQ3prWXRKOGlLRl9VMFctOFQ5TWhrNEZLNDQyZUdlV3RRalh0SDY5ZDFISHBldmxfQXQtbUN2ZzNTTGpXX1pZa3diMC1XZUJYNG4wRVVGakdPbW1vWGtRYlZib21PaVJvWlc5bDh6VUpKM1Q5MDlyVjV6VGQyVUNDMDV6NkxVWGpndFl5QQ?oc=5\" target=\"_blank\" rel=\"nofollow noopener\">Carlos Vicens: \u00abTemos que dar uma vers\u00e3o da equipa hipercompetitiva\u00bb<\/a>&nbsp;&nbsp;CNN Portugal<\/li>\n<li><a href=\"https:\/\/news.google.com\/rss\/articles\/CBMikwFBVV95cUxQX1QyVmhhYVV4Vm1Wb295N2JQbzBVR21MM3h5OTdVTkd1VFkxQXdRLVFpRWM4VkNNekU1NC00eTJvWTBfdENFOGI5ZTRCenJodDZQLThTb0FTX3ZRaXI3ZW0tLWtjZVBmdWxoTHlFcFhzMjlvM2VUX1ZMRXdmcTFHem1hZ1lRakI2Q19JRGhtd0xPM1U?oc=5\" target=\"_blank\" rel=\"nofollow noopener\">I Liga: Nacional vence ao intervalo em Braga<\/a>&nbsp;&nbsp;www.jm-madeira.pt<\/li>\n<\/ol>\n","protected":false},"excerpt":{"rendered":"Sp. Braga X Nacional &#8211; AO MINUTO&nbsp;&nbsp;Maisfutebol Braga x Nacional Palpites &#8211; Onde Assistir ao Jogo, Hor\u00e1rio e&hellip;\n","protected":false},"author":2,"featured_media":52081,"comment_status":"","ping_status":"","sticky":false,"template":"","format":"standard","meta":{"footnotes":""},"categories":[8],"tags":[27,28,15,16,14,25,26,21,22,619,12,13,19,20,32,479,10127,23,24,33,47,1233,17,18,29,30,31],"class_list":{"0":"post-90416","1":"post","2":"type-post","3":"status-publish","4":"format-standard","5":"has-post-thumbnail","7":"category-principais-noticias","8":"tag-breaking-news","9":"tag-breakingnews","10":"tag-featured-news","11":"tag-featurednews","12":"tag-headlines","13":"tag-latest-news","14":"tag-latestnews","15":"tag-main-news","16":"tag-mainnews","17":"tag-nacional","18":"tag-news","19":"tag-noticias","20":"tag-noticias-principais","21":"tag-noticiasprincipais","22":"tag-portugal","23":"tag-primeira-liga","24":"tag-primeira-liga-2025-2026","25":"tag-principais-noticias","26":"tag-principaisnoticias","27":"tag-pt","28":"tag-pura-paixao","29":"tag-sp-braga","30":"tag-top-stories","31":"tag-topstories","32":"tag-ultimas","33":"tag-ultimas-noticias","34":"tag-ultimasnoticias"},"share_on_mastodon":{"url":"","error":""},"_links":{"self":[{"href":"https:\/\/www.europesays.com\/pt\/wp-json\/wp\/v2\/posts\/90416","targetHints":{"allow":["GET"]}}],"collection":[{"href":"https:\/\/www.europesays.com\/pt\/wp-json\/wp\/v2\/posts"}],"about":[{"href":"https:\/\/www.europesays.com\/pt\/wp-json\/wp\/v2\/types\/post"}],"author":[{"embeddable":true,"href":"https:\/\/www.europesays.com\/pt\/wp-json\/wp\/v2\/users\/2"}],"replies":[{"embeddable":true,"href":"https:\/\/www.europesays.com\/pt\/wp-json\/wp\/v2\/comments?post=90416"}],"version-history":[{"count":0,"href":"https:\/\/www.europesays.com\/pt\/wp-json\/wp\/v2\/posts\/90416\/revisions"}],"wp:featuredmedia":[{"embeddable":true,"href":"https:\/\/www.europesays.com\/pt\/wp-json\/wp\/v2\/media\/52081"}],"wp:attachment":[{"href":"https:\/\/www.europesays.com\/pt\/wp-json\/wp\/v2\/media?parent=90416"}],"wp:term":[{"taxonomy":"category","embeddable":true,"href":"https:\/\/www.europesays.com\/pt\/wp-json\/wp\/v2\/categories?post=90416"},{"taxonomy":"post_tag","embeddable":true,"href":"https:\/\/www.europesays.com\/pt\/wp-json\/wp\/v2\/tags?post=90416"}],"curies":[{"name":"wp","href":"https:\/\/api.w.org\/{rel}","templated":true}]}}