{"id":90742,"date":"2025-09-28T23:17:08","date_gmt":"2025-09-28T23:17:08","guid":{"rendered":"https:\/\/www.europesays.com\/pt\/90742\/"},"modified":"2025-09-28T23:17:08","modified_gmt":"2025-09-28T23:17:08","slug":"catarina-miranda-reage-a-nova-dupla-polemica-da-casa-e-da-lhe-nome-inesperado-secret-story","status":"publish","type":"post","link":"https:\/\/www.europesays.com\/pt\/90742\/","title":{"rendered":"Catarina Miranda reage \u00e0 nova dupla \u2018pol\u00e9mica\u2019 da casa e d\u00e1-lhe nome inesperado &#8211; Secret Story"},"content":{"rendered":"<p style=\"margin-bottom:11px\"><strong>Afonso Leit\u00e3o e Catarina Miranda<\/strong> foram, sem d\u00favida, <strong>a dupla que marcou o Big Brother Ver\u00e3o<\/strong>, deixando momentos inesquec\u00edveis dentro da casa mais vigiada do pa\u00eds. Mas agora, no <a href=\"https:\/\/tvi.iol.pt\/secretstory\/\" rel=\"nofollow noopener\" target=\"_blank\">Secret Story 9<\/a>, uma <strong>nova dupla tem dado que falar<\/strong> por raz\u00f5es bem diferentes:<a href=\"https:\/\/tvi.iol.pt\/secretstory\/search?pagina=1&amp;pesquisa=liliana\" rel=\"nofollow noopener\" target=\"_blank\"> Liliana<\/a> e F\u00e1bio.<\/p>\n<p>O que torna esta proximidade ainda mais pol\u00e9mica \u00e9 que <strong>os colegas da casa desconhecem que <\/strong><a href=\"https:\/\/tvi.iol.pt\/secretstory\/search?pagina=1&amp;pesquisa=liliana\" rel=\"nofollow noopener\" target=\"_blank\">Liliana <\/a><strong>est\u00e1 noiva<\/strong>, ela <strong>foi pedida em casamento na gala de estreia<\/strong>, e este \u00e9<strong> o seu segredo dentro do programa<\/strong>. Apesar disso, a sua liga\u00e7\u00e3o com F\u00e1bio<strong> tem gerado cr\u00edticas dentro do grupo<\/strong>, que n\u00e3o sabem da situa\u00e7\u00e3o real e veem o comportamento da concorrente como ultrapassando limites.<\/p>\n<p><strong>Durante a tarde deste s\u00e1bado<\/strong>, 27 de setembro,<a href=\"https:\/\/tvi.iol.pt\/secretstory\/search?pagina=1&amp;pesquisa=liliana\" rel=\"nofollow noopener\" target=\"_blank\"> Liliana<\/a> e F\u00e1bio <strong>protagonizaram um momento digno de filme<\/strong>: dan\u00e7aram juntos ao som de C\u00e9line Dion, recriando a ic\u00f3nica cena do Titanic.<\/p>\n<p><a href=\"https:\/\/tvi.iol.pt\/secretstory\/search?pagina=1&amp;pesquisa=catarina+miranda\" rel=\"nofollow noopener\" target=\"_blank\">Catarina Miranda <\/a>n\u00e3o resistiu e reagiu na rede social \u00a0X, de<strong> forma divertida e bem-humorada<\/strong>, pedindo para que <strong>os concorrentes n\u00e3o sejam expulsos esta noite<\/strong> e <strong>dando ainda um nome \u00e0 nova dupla pol\u00e9mica<\/strong>: \u00abEles n\u00e3o podem sair, n\u00f3s estamos a assistir ao remake do Titanic em 2025, isto \u00e9 HIST\u00d3RIA. Depois dos cale dupla de milh\u00f5es, temos os FALI dupla de c\u00eantimos\u00bb.<\/p>\n<p>\u00a0<\/p>\n<p>Mesmo fora da casa, <a href=\"https:\/\/tvi.iol.pt\/secretstory\/search?pagina=1&amp;pesquisa=catarina+miranda\" rel=\"nofollow noopener\" target=\"_blank\">a ex-concorrente<\/a> continua a seguir de perto os acontecimentos, <strong>comentando com humor e ironia os momentos mais pol\u00e9micos<\/strong> da edi\u00e7\u00e3o.<\/p>\n","protected":false},"excerpt":{"rendered":"Afonso Leit\u00e3o e Catarina Miranda foram, sem d\u00favida, a dupla que marcou o Big Brother Ver\u00e3o, deixando momentos&hellip;\n","protected":false},"author":2,"featured_media":90743,"comment_status":"","ping_status":"","sticky":false,"template":"","format":"standard","meta":{"footnotes":""},"categories":[142],"tags":[18706,342,114,115,18705,19082,19016,32,33,151,18704],"class_list":{"0":"post-90742","1":"post","2":"type-post","3":"status-publish","4":"format-standard","5":"has-post-thumbnail","7":"category-tv","8":"tag-bastidores-secret-story","9":"tag-catarina-miranda","10":"tag-entertainment","11":"tag-entretenimento","12":"tag-entrevistas-concorrentes-tvi","13":"tag-fabio","14":"tag-liliana","15":"tag-portugal","16":"tag-pt","17":"tag-tv","18":"tag-vida-fora-da-casa"},"share_on_mastodon":{"url":"","error":""},"_links":{"self":[{"href":"https:\/\/www.europesays.com\/pt\/wp-json\/wp\/v2\/posts\/90742","targetHints":{"allow":["GET"]}}],"collection":[{"href":"https:\/\/www.europesays.com\/pt\/wp-json\/wp\/v2\/posts"}],"about":[{"href":"https:\/\/www.europesays.com\/pt\/wp-json\/wp\/v2\/types\/post"}],"author":[{"embeddable":true,"href":"https:\/\/www.europesays.com\/pt\/wp-json\/wp\/v2\/users\/2"}],"replies":[{"embeddable":true,"href":"https:\/\/www.europesays.com\/pt\/wp-json\/wp\/v2\/comments?post=90742"}],"version-history":[{"count":0,"href":"https:\/\/www.europesays.com\/pt\/wp-json\/wp\/v2\/posts\/90742\/revisions"}],"wp:featuredmedia":[{"embeddable":true,"href":"https:\/\/www.europesays.com\/pt\/wp-json\/wp\/v2\/media\/90743"}],"wp:attachment":[{"href":"https:\/\/www.europesays.com\/pt\/wp-json\/wp\/v2\/media?parent=90742"}],"wp:term":[{"taxonomy":"category","embeddable":true,"href":"https:\/\/www.europesays.com\/pt\/wp-json\/wp\/v2\/categories?post=90742"},{"taxonomy":"post_tag","embeddable":true,"href":"https:\/\/www.europesays.com\/pt\/wp-json\/wp\/v2\/tags?post=90742"}],"curies":[{"name":"wp","href":"https:\/\/api.w.org\/{rel}","templated":true}]}}