{"id":90919,"date":"2025-09-29T02:22:07","date_gmt":"2025-09-29T02:22:07","guid":{"rendered":"https:\/\/www.europesays.com\/pt\/90919\/"},"modified":"2025-09-29T02:22:07","modified_gmt":"2025-09-29T02:22:07","slug":"campo-maior-abre-inscricoes-para-cursos-de-formacao-artistica-2025-2026","status":"publish","type":"post","link":"https:\/\/www.europesays.com\/pt\/90919\/","title":{"rendered":"Campo Maior abre inscri\u00e7\u00f5es para cursos de Forma\u00e7\u00e3o Art\u00edstica 2025\/2026"},"content":{"rendered":"<p>O Munic\u00edpio de <a href=\"https:\/\/odigital.sapo.pt\/tag\/campo-maior\/\" id=\"s-a-embed-68\" data-type=\"post_tag\" data-id=\"404\" rel=\"nofollow noopener\" target=\"_blank\">Campo Maior<\/a> anunciou a abertura das inscri\u00e7\u00f5es para os Projetos de Forma\u00e7\u00e3o Art\u00edstica referentes ao ano letivo 2025\/2026.<\/p>\n<p>De acordo com a autarquia, os <a href=\"https:\/\/www.facebook.com\/JornalODigital\" target=\"_blank\" rel=\"noreferrer noopener nofollow\">interessados<\/a> podem inscrever-se em Ballet Cl\u00e1ssico, Dan\u00e7a Oriental, Teatro e Viola.<\/p>\n<p>Al\u00e9m disso, as inscri\u00e7\u00f5es podem ser efetuadas online, atrav\u00e9s do formul\u00e1rio dispon\u00edvel em <a href=\"https:\/\/bit.ly\/formpfm2526\" target=\"_blank\" rel=\"noreferrer noopener nofollow\">https:\/\/bit.ly\/formpfm2526<\/a>.<\/p>\n<p>Em alternativa, os candidatos podem dirigir-se diretamente ao Centro Cultural de Campo Maior para formalizar a inscri\u00e7\u00e3o.<\/p>\n<p>Com esta iniciativa, o munic\u00edpio pretende dinamizar a forma\u00e7\u00e3o cultural e art\u00edstica, promovendo o acesso da comunidade a diferentes \u00e1reas de express\u00e3o.<\/p>\n","protected":false},"excerpt":{"rendered":"O Munic\u00edpio de Campo Maior anunciou a abertura das inscri\u00e7\u00f5es para os Projetos de Forma\u00e7\u00e3o Art\u00edstica referentes ao&hellip;\n","protected":false},"author":2,"featured_media":90920,"comment_status":"","ping_status":"","sticky":false,"template":"","format":"standard","meta":{"footnotes":""},"categories":[144],"tags":[207,205,206,203,201,202,204,114,115,32,33],"class_list":{"0":"post-90919","1":"post","2":"type-post","3":"status-publish","4":"format-standard","5":"has-post-thumbnail","7":"category-arte-e-design","8":"tag-arte","9":"tag-arte-e-design","10":"tag-artedesign","11":"tag-arts","12":"tag-arts-and-design","13":"tag-artsanddesign","14":"tag-design","15":"tag-entertainment","16":"tag-entretenimento","17":"tag-portugal","18":"tag-pt"},"share_on_mastodon":{"url":"","error":""},"_links":{"self":[{"href":"https:\/\/www.europesays.com\/pt\/wp-json\/wp\/v2\/posts\/90919","targetHints":{"allow":["GET"]}}],"collection":[{"href":"https:\/\/www.europesays.com\/pt\/wp-json\/wp\/v2\/posts"}],"about":[{"href":"https:\/\/www.europesays.com\/pt\/wp-json\/wp\/v2\/types\/post"}],"author":[{"embeddable":true,"href":"https:\/\/www.europesays.com\/pt\/wp-json\/wp\/v2\/users\/2"}],"replies":[{"embeddable":true,"href":"https:\/\/www.europesays.com\/pt\/wp-json\/wp\/v2\/comments?post=90919"}],"version-history":[{"count":0,"href":"https:\/\/www.europesays.com\/pt\/wp-json\/wp\/v2\/posts\/90919\/revisions"}],"wp:featuredmedia":[{"embeddable":true,"href":"https:\/\/www.europesays.com\/pt\/wp-json\/wp\/v2\/media\/90920"}],"wp:attachment":[{"href":"https:\/\/www.europesays.com\/pt\/wp-json\/wp\/v2\/media?parent=90919"}],"wp:term":[{"taxonomy":"category","embeddable":true,"href":"https:\/\/www.europesays.com\/pt\/wp-json\/wp\/v2\/categories?post=90919"},{"taxonomy":"post_tag","embeddable":true,"href":"https:\/\/www.europesays.com\/pt\/wp-json\/wp\/v2\/tags?post=90919"}],"curies":[{"name":"wp","href":"https:\/\/api.w.org\/{rel}","templated":true}]}}