{"id":90950,"date":"2025-09-29T03:06:23","date_gmt":"2025-09-29T03:06:23","guid":{"rendered":"https:\/\/www.europesays.com\/pt\/90950\/"},"modified":"2025-09-29T03:06:23","modified_gmt":"2025-09-29T03:06:23","slug":"numa-noite-de-grande-tensao-cristina-ferreira-arrasa-com-um-look-minimalista-na-gala-do-secret-story-9-secret-story","status":"publish","type":"post","link":"https:\/\/www.europesays.com\/pt\/90950\/","title":{"rendered":"Numa noite de grande tens\u00e3o, Cristina Ferreira arrasa com um look minimalista na gala do Secret Story 9 &#8211; Secret Story"},"content":{"rendered":"<p data-end=\"1686\" data-start=\"1421\"><strong>Cristina Ferreira<\/strong> marcou a diferen\u00e7a com grande estilo na gala deste domingo do <strong>Secret Story \u2013 Casa dos Segredos 9<\/strong>. Fiel ao seu gosto refinado, a apresentadora e diretora de Entretenimento e Fic\u00e7\u00e3o da TVI escolheu um look que une sobriedade e eleg\u00e2ncia.<\/p>\n<p data-end=\"1977\" data-start=\"1688\">O vestido cinzento escuro, de corte cl\u00e1ssico e sofisticado, destacou-se pela simplicidade luxuosa. As j\u00f3ias douradas minimalistas adicionaram um toque de brilho sem roubar protagonismo ao conjunto, enquanto o cabelo curto, liso e arranjado pelo pesco\u00e7o, completou o visual com modernidade.<\/p>\n<p data-end=\"2229\" data-start=\"1979\">O look de Cristina n\u00e3o passou despercebido e somou elogios nas redes sociais, com f\u00e3s e seguidores a destacarem a sua postura elegante. Mais uma vez, a apresentadora provou que o menos \u00e9 mais e que a eleg\u00e2ncia est\u00e1 nos detalhes.<\/p>\n<p>Veja a galeria! <\/p>\n<p>Na manh\u00e3 deste domingo, 28 de setembro,<a href=\"https:\/\/tvi.iol.pt\/secretstory\/search?pagina=1&amp;pesquisa=cristina+ferreira\" rel=\"nofollow noopener\" target=\"_blank\"> Cristina Ferreira<\/a> recorreu ao Instagram para partilhar com os seguidores <strong>um momento invulgar logo ao acordar.<\/strong><\/p>\n<p>A<a href=\"https:\/\/tvi.iol.pt\/secretstory\/search?pagina=1&amp;pesquisa=cristina+ferreira\" rel=\"nofollow noopener\" target=\"_blank\"> apresentadora do Secret Story 9 <\/a>contou que<strong> conseguiu ficar na cama mais tempo do que o habitual. <\/strong>Na fotografia publicada nos stories, <a href=\"https:\/\/tvi.iol.pt\/secretstory\/search?pagina=1&amp;pesquisa=cristina+ferreira\" rel=\"nofollow noopener\" target=\"_blank\">Cristina Ferreira<\/a>, <strong>partilhou um registo do pequeno almo\u00e7o<\/strong>, com a legenda:\u00a0 &#8220;Bom dia! Hoje, estive na cama at\u00e9 \u00e0s 09:15 horas\u2026 coisa t\u00e3o rara que at\u00e9 estranhei.&#8221;.<\/p>\n<p>Com humor,<strong> Cristina acrescentou<\/strong>: &#8220;Foi para ganhar balan\u00e7o para a gala de hoje.&#8221; A publica\u00e7\u00e3o<strong> mostra o lado mais descontra\u00eddo da apresentadora<\/strong>, que raramente tem manh\u00e3s assim.<\/p>\n","protected":false},"excerpt":{"rendered":"Cristina Ferreira marcou a diferen\u00e7a com grande estilo na gala deste domingo do Secret Story \u2013 Casa dos&hellip;\n","protected":false},"author":2,"featured_media":90951,"comment_status":"","ping_status":"","sticky":false,"template":"","format":"standard","meta":{"footnotes":""},"categories":[142],"tags":[8113,2632,329,333,328,335,166,336,114,115,334,330,4319,1326,338,19019,13,32,33,1315,8174,151,162,19020,227],"class_list":{"0":"post-90950","1":"post","2":"type-post","3":"status-publish","4":"format-standard","5":"has-post-thumbnail","7":"category-tv","8":"tag-alice-alves","9":"tag-casa-dos-segredos","10":"tag-claudio-ramos","11":"tag-comentadores","12":"tag-concorrentes","13":"tag-confrontos","14":"tag-cristina-ferreira","15":"tag-discussoes","16":"tag-entertainment","17":"tag-entretenimento","18":"tag-exclusivos","19":"tag-gala","20":"tag-look","21":"tag-mafalda-castro","22":"tag-maria-botelho-moniz","23":"tag-marta-cardoso","24":"tag-noticias","25":"tag-portugal","26":"tag-pt","27":"tag-secret-story","28":"tag-segredos","29":"tag-tv","30":"tag-tvi","31":"tag-video-do-dia","32":"tag-videos"},"share_on_mastodon":{"url":"","error":""},"_links":{"self":[{"href":"https:\/\/www.europesays.com\/pt\/wp-json\/wp\/v2\/posts\/90950","targetHints":{"allow":["GET"]}}],"collection":[{"href":"https:\/\/www.europesays.com\/pt\/wp-json\/wp\/v2\/posts"}],"about":[{"href":"https:\/\/www.europesays.com\/pt\/wp-json\/wp\/v2\/types\/post"}],"author":[{"embeddable":true,"href":"https:\/\/www.europesays.com\/pt\/wp-json\/wp\/v2\/users\/2"}],"replies":[{"embeddable":true,"href":"https:\/\/www.europesays.com\/pt\/wp-json\/wp\/v2\/comments?post=90950"}],"version-history":[{"count":0,"href":"https:\/\/www.europesays.com\/pt\/wp-json\/wp\/v2\/posts\/90950\/revisions"}],"wp:featuredmedia":[{"embeddable":true,"href":"https:\/\/www.europesays.com\/pt\/wp-json\/wp\/v2\/media\/90951"}],"wp:attachment":[{"href":"https:\/\/www.europesays.com\/pt\/wp-json\/wp\/v2\/media?parent=90950"}],"wp:term":[{"taxonomy":"category","embeddable":true,"href":"https:\/\/www.europesays.com\/pt\/wp-json\/wp\/v2\/categories?post=90950"},{"taxonomy":"post_tag","embeddable":true,"href":"https:\/\/www.europesays.com\/pt\/wp-json\/wp\/v2\/tags?post=90950"}],"curies":[{"name":"wp","href":"https:\/\/api.w.org\/{rel}","templated":true}]}}