{"id":90952,"date":"2025-09-29T03:07:11","date_gmt":"2025-09-29T03:07:11","guid":{"rendered":"https:\/\/www.europesays.com\/pt\/90952\/"},"modified":"2025-09-29T03:07:11","modified_gmt":"2025-09-29T03:07:11","slug":"zayn-e-demi-lovato-internautas-vao-a-loucura-com-rumores-de-feat-entenda","status":"publish","type":"post","link":"https:\/\/www.europesays.com\/pt\/90952\/","title":{"rendered":"Zayn e Demi Lovato: internautas v\u00e3o \u00e0 loucura com rumores de feat &#8211; entenda!"},"content":{"rendered":"<p>E se <a href=\"https:\/\/portalpopline.com.br\/zayn\/\" rel=\"noopener nofollow\" target=\"_blank\"><strong>Zayn<\/strong><\/a> lan\u00e7asse um feat com <a href=\"https:\/\/portalpopline.com.br\/demi-lovato\/\" rel=\"noopener nofollow\" target=\"_blank\"><strong>Demi Lovato<\/strong><\/a>? Este \u00e9 um dos questionamentos que movimentou o X (antigo Twitter) neste fim de semana. \u00c9 que o cantor, que recentemente surpreendeu ao anunciar que <a href=\"https:\/\/portalpopline.com.br\/zayn-residencia-shows-las-vegas-2026\/\" rel=\"noopener nofollow\" target=\"_blank\">far\u00e1 uma resid\u00eancia em Las Vegas em 2026<\/a>, publicou um v\u00eddeo cantarolando uma m\u00fasica e internautas juraram de p\u00e9 junto ter ouvido a voz de <strong>Demi<\/strong>. Entenda!<\/p>\n<p>LEIA MAIS:<\/p>\n<p><img loading=\"lazy\" decoding=\"async\" aria-describedby=\"caption-attachment-998398\" src=\"data:image\/svg+xml,%3Csvg%20xmlns=\" http:=\"\" alt=\"\" width=\"1200\" height=\"1500\" class=\"size-full wp-image-998398\" data-lazy- data-lazy- data-lazy-src=\"https:\/\/www.europesays.com\/pt\/wp-content\/uploads\/2025\/09\/zayn-demi-lovato-rumores-feat-2.jpg\"\/><\/p>\n<p id=\"caption-attachment-998398\" class=\"wp-caption-text\">Foto: Instagram\/@zayn<\/p>\n<p>O tal v\u00eddeo que virou piv\u00f4 do burburinho mostra os bastidores de um ensaio de fotos recente de <strong>Zayn<\/strong>, o mesmo que ele usou para divulgar sua resid\u00eancia de shows em Las Vegas. Em dado momento, o cantor aparece descontra\u00eddo, cantarolando uma m\u00fasica e, de repente, surge um vocal feminino, que para v\u00e1rios internautas pertence \u00e0 <strong>Demi<\/strong>.<\/p>\n<blockquote class=\"twitter-tweet\">\n<p lang=\"en\" dir=\"ltr\">New Behind the Scenes content via Zayn VIP key! <a href=\"https:\/\/t.co\/phhiFAtkBL\" rel=\"nofollow\">pic.twitter.com\/phhiFAtkBL<\/a><\/p>\n<p>\u2014 Zayn Malik Updates (@ZaynReport) <a href=\"https:\/\/twitter.com\/ZaynReport\/status\/1970103446817689944?ref_src=twsrc%5Etfw\" rel=\"nofollow noopener\" target=\"_blank\">September 22, 2025<\/a><\/p>\n<\/blockquote>\n<p>Em meio \u00e0 repercuss\u00e3o em torno do assunto, internautas compartilharam que, na verdade, a m\u00fasica que toca no v\u00eddeo \u00e9 \u201cAffirmations\u201d, do grupo <strong>Girls of the Internet<\/strong> em parceria com a cantora <strong>Anelisa Lamola<\/strong>.<\/p>\n<blockquote class=\"twitter-tweet\">\n<p lang=\"en\" dir=\"ltr\">it\u2019s not demi LMFAOO <a href=\"https:\/\/t.co\/zR4EQEb13R\" rel=\"nofollow\">https:\/\/t.co\/zR4EQEb13R<\/a> <a href=\"https:\/\/t.co\/S6OO4CNBTS\" rel=\"nofollow\">pic.twitter.com\/S6OO4CNBTS<\/a><\/p>\n<p>\u2014 \u23fe (@twobatwo) <a href=\"https:\/\/twitter.com\/twobatwo\/status\/1972028307366727979?ref_src=twsrc%5Etfw\" rel=\"nofollow noopener\" target=\"_blank\">September 27, 2025<\/a><\/p>\n<\/blockquote>\n<p>Apesar disso, teve quem dissesse que a vers\u00e3o de est\u00fadio da m\u00fasica \u00e9 diferente da que <strong>Zayn<\/strong> apareceu ouvindo, e alguns internautas continuaram crentes que a voz no v\u00eddeo \u00e9 a de <strong>Demi<\/strong>. Para a maioria dos f\u00e3s dos dois, por\u00e9m, a parceria entre eles parece algo improv\u00e1vel.<\/p>\n<p>A resid\u00eancia de shows de Zayn em Las Vegas<br \/>\n<img loading=\"lazy\" decoding=\"async\" aria-describedby=\"caption-attachment-998005\" src=\"data:image\/svg+xml,%3Csvg%20xmlns=\" http:=\"\" alt=\"\" width=\"1200\" height=\"902\" class=\"size-full wp-image-998005\" data-lazy- data-lazy- data-lazy-src=\"https:\/\/www.europesays.com\/pt\/wp-content\/uploads\/2025\/09\/zayn-residencia-shows-las-vegas-2026-2.jpg\"\/><\/p>\n<p id=\"caption-attachment-998005\" class=\"wp-caption-text\">Foto: Instagram\/@zayn<\/p>\n<p>V\u00e1rios dos f\u00e3s brincam dizendo que s\u00f3 ir\u00e3o acreditar quando j\u00e1 o estiverem vendo no palco, mas fato \u00e9 que <a href=\"https:\/\/portalpopline.com.br\/zayn\/\" rel=\"noopener nofollow\" target=\"_blank\"><strong>Zayn Malik<\/strong><\/a> anunciou uma <strong>resid\u00eancia de shows em Las Vegas<\/strong>! O ex-<strong>One Direction<\/strong> revelou, no \u00faltimo dia 22, que far\u00e1 um montante de 7 apresenta\u00e7\u00f5es no <strong>Dolby Live at Park MGM<\/strong> em <strong>janeiro de 2026<\/strong>. Saiba detalhes!<\/p>\n<p><img loading=\"lazy\" decoding=\"async\" aria-describedby=\"caption-attachment-998004\" src=\"data:image\/svg+xml,%3Csvg%20xmlns=\" http:=\"\" alt=\"\" width=\"1200\" height=\"1199\" class=\"size-full wp-image-998004\" data-lazy- data-lazy- data-lazy-src=\"https:\/\/www.europesays.com\/pt\/wp-content\/uploads\/2025\/09\/zayn-residencia-shows-las-vegas-2026.jpg\"\/><\/p>\n<p id=\"caption-attachment-998004\" class=\"wp-caption-text\">Foto: Instagram\/@zayn<\/p>\n<p><strong>Zayn<\/strong> publicou um carrossel com tr\u00eas fotos no Instagram junto a uma legenda que dizia: \u201cVEGAS!! JANEIRO DE 2026!!\u201d. Imediatamente, muitos dos f\u00e3s do cantor especularam que, apesar da falta de mais informa\u00e7\u00f5es, era uma deixa para anunciar a resid\u00eancia de shows.<\/p>\n<blockquote class=\"instagram-media\" data-instgrm-captioned=\"\" data-instgrm-permalink=\"https:\/\/www.instagram.com\/p\/DO6YBxBid3g\/?utm_source=ig_embed&amp;utm_campaign=loading\" data-instgrm-version=\"14\" style=\" background:#FFF; border:0; border-radius:3px; box-shadow:0 0 1px 0 rgba(0,0,0,0.5),0 1px 10px 0 rgba(0,0,0,0.15); margin: 1px; max-width:740px; min-width:326px; padding:0; width:99.375%; width:-webkit-calc(100% - 2px); width:calc(100% - 2px);\">\n<\/blockquote>\n<p>E esses f\u00e3s estavam cobertos de raz\u00e3o! Poucas horas depois, o cantor de \u201cPILLOWTALK\u201d retornou \u00e0 rede social para fazer a revela\u00e7\u00e3o da maratona de apresenta\u00e7\u00f5es. Os shows acontecem nos dias <strong>20, 21, 24, 25, 28, 30 e 31 de janeiro<\/strong>.<\/p>\n<blockquote class=\"instagram-media\" data-instgrm-captioned=\"\" data-instgrm-permalink=\"https:\/\/www.instagram.com\/p\/DO6tmqqCTFE\/?utm_source=ig_embed&amp;utm_campaign=loading\" data-instgrm-version=\"14\" style=\" background:#FFF; border:0; border-radius:3px; box-shadow:0 0 1px 0 rgba(0,0,0,0.5),0 1px 10px 0 rgba(0,0,0,0.15); margin: 1px; max-width:740px; min-width:326px; padding:0; width:99.375%; width:-webkit-calc(100% - 2px); width:calc(100% - 2px);\">\n<\/blockquote>\n<p>At\u00e9 o \u00faltimo dia 27 de mar\u00e7o, <strong>Zayn<\/strong> estava na estrada com a sua primeira turn\u00ea como artista solo, a \u201cStairway to the Sky Tour\u201d. A s\u00e9rie de shows inicialmente era para come\u00e7ar em outubro de 2024, pelos Estados Unidos, mas <a href=\"https:\/\/portalpopline.com.br\/zayn-toma-decisao-carreira-apos-morte-liam-payne\/\" rel=\"noopener nofollow\" target=\"_blank\">foi adiada em fun\u00e7\u00e3o da s\u00fabita morte de <strong>Liam Payne<\/strong>, que durante anos foi colega de grupo de <strong>Zayn<\/strong> na banda <strong>One Direction<\/strong><\/a>.<\/p>\n<p>Um m\u00eas depois, a empreitada teve in\u00edcio pela Inglaterra e seguiu at\u00e9 o fim de mar\u00e7o, tendo sido finalizada no M\u00e9xico. Com a \u201cStairway to the Sky Tour\u201d, <strong>Zayn<\/strong> fez um total de 21 apresenta\u00e7\u00f5es.<\/p>\n<blockquote class=\"instagram-media\" data-instgrm-captioned=\"\" data-instgrm-permalink=\"https:\/\/www.instagram.com\/reel\/DDCa9rCM9OK\/?utm_source=ig_embed&amp;utm_campaign=loading\" data-instgrm-version=\"14\" style=\" background:#FFF; border:0; border-radius:3px; box-shadow:0 0 1px 0 rgba(0,0,0,0.5),0 1px 10px 0 rgba(0,0,0,0.15); margin: 1px; max-width:740px; min-width:326px; padding:0; width:99.375%; width:-webkit-calc(100% - 2px); width:calc(100% - 2px);\">\n<\/blockquote>\n<p><script async src=\"https:\/\/platform.twitter.com\/widgets.js\" charset=\"utf-8\"><\/script><script async src=\"\/\/www.instagram.com\/embed.js\"><\/script><\/p>\n","protected":false},"excerpt":{"rendered":"E se Zayn lan\u00e7asse um feat com Demi Lovato? Este \u00e9 um dos questionamentos que movimentou o X&hellip;\n","protected":false},"author":2,"featured_media":90953,"comment_status":"","ping_status":"","sticky":false,"template":"","format":"standard","meta":{"footnotes":""},"categories":[141],"tags":[22750,661,114,115,1942,1504,149,150,273,1001,1944,571,32,33,12393,3606,578,3859,22751],"class_list":{"0":"post-90952","1":"post","2":"type-post","3":"status-publish","4":"format-standard","5":"has-post-thumbnail","7":"category-musica","8":"tag-backstage","9":"tag-demi-lovato","10":"tag-entertainment","11":"tag-entretenimento","12":"tag-feat","13":"tag-internautas","14":"tag-music","15":"tag-musica","16":"tag-musica-nova","17":"tag-one-direction","18":"tag-parceria","19":"tag-plantao","20":"tag-portugal","21":"tag-pt","22":"tag-repercussao","23":"tag-rumores","24":"tag-video","25":"tag-voz","26":"tag-zayn"},"share_on_mastodon":{"url":"","error":""},"_links":{"self":[{"href":"https:\/\/www.europesays.com\/pt\/wp-json\/wp\/v2\/posts\/90952","targetHints":{"allow":["GET"]}}],"collection":[{"href":"https:\/\/www.europesays.com\/pt\/wp-json\/wp\/v2\/posts"}],"about":[{"href":"https:\/\/www.europesays.com\/pt\/wp-json\/wp\/v2\/types\/post"}],"author":[{"embeddable":true,"href":"https:\/\/www.europesays.com\/pt\/wp-json\/wp\/v2\/users\/2"}],"replies":[{"embeddable":true,"href":"https:\/\/www.europesays.com\/pt\/wp-json\/wp\/v2\/comments?post=90952"}],"version-history":[{"count":0,"href":"https:\/\/www.europesays.com\/pt\/wp-json\/wp\/v2\/posts\/90952\/revisions"}],"wp:featuredmedia":[{"embeddable":true,"href":"https:\/\/www.europesays.com\/pt\/wp-json\/wp\/v2\/media\/90953"}],"wp:attachment":[{"href":"https:\/\/www.europesays.com\/pt\/wp-json\/wp\/v2\/media?parent=90952"}],"wp:term":[{"taxonomy":"category","embeddable":true,"href":"https:\/\/www.europesays.com\/pt\/wp-json\/wp\/v2\/categories?post=90952"},{"taxonomy":"post_tag","embeddable":true,"href":"https:\/\/www.europesays.com\/pt\/wp-json\/wp\/v2\/tags?post=90952"}],"curies":[{"name":"wp","href":"https:\/\/api.w.org\/{rel}","templated":true}]}}