{"id":90989,"date":"2025-09-29T04:02:07","date_gmt":"2025-09-29T04:02:07","guid":{"rendered":"https:\/\/www.europesays.com\/pt\/90989\/"},"modified":"2025-09-29T04:02:07","modified_gmt":"2025-09-29T04:02:07","slug":"novelas-para-celular-brasil-ganha-plataforma-inedita-28-09-2025-monica-bergamo","status":"publish","type":"post","link":"https:\/\/www.europesays.com\/pt\/90989\/","title":{"rendered":"Novelas para celular: Brasil ganha plataforma in\u00e9dita &#8211; 28\/09\/2025 &#8211; M\u00f4nica Bergamo"},"content":{"rendered":"<p>Profissionais renomados do audiovisual se uniram em um novo projeto: a Tele Tele, primeira plataforma de novelas verticais do Brasil, como s\u00e3o chamadas as tramas gravadas para a tela do celular.<\/p>\n<p>A proposta re\u00fane o escritor Chico Mattoso, o publicit\u00e1rio Gustavo Mayrink, os diretores Thiago Teitelroit e <a href=\"https:\/\/www1.folha.uol.com.br\/colunas\/monicabergamo\/2025\/01\/diretora-brasileira-tem-trabalho-escolhido-para-clipe-do-coldplay.shtml\" rel=\"nofollow noopener\" target=\"\">Camila Guerreiro<\/a> e o <a href=\"https:\/\/www1.folha.uol.com.br\/colunas\/antonioprata\/\" rel=\"nofollow noopener\" target=\"\">escritor e roteirista Antonio Prata<\/a>, colunista da <strong>Folha<\/strong>.<\/p>\n<p>A primeira produ\u00e7\u00e3o original j\u00e1 est\u00e1 em produ\u00e7\u00e3o. A ideia \u00e9 que a plataforma, que estar\u00e1 dispon\u00edvel para os sistemas Android e iOS, seja lan\u00e7ada no ano que vem.<\/p>\n<p>Al\u00e9m de ser respons\u00e1vel pela cria\u00e7\u00e3o e produ\u00e7\u00e3o das novelas, o projeto envolve tamb\u00e9m o desenvolvimento de uma tecnologia pr\u00f3pria de distribui\u00e7\u00e3o e monetiza\u00e7\u00e3o das hist\u00f3rias.<\/p>\n<p>Outros roteiristas e diretores tamb\u00e9m poder\u00e3o atuar com o grupo como parceiros na elabora\u00e7\u00e3o e grava\u00e7\u00e3o das tramas.<\/p>\n<p>CAN\u00c7\u00c3O<\/p>\n<p>A cantora Ekena lan\u00e7a no dia 13 de outubro seu terceiro disco, &#8220;Aura&#8221;, produzido pela Central Records. A obra conta com a participa\u00e7\u00e3o da <a href=\"https:\/\/f5.folha.uol.com.br\/celebridades\/2025\/05\/os-brasileiro-nao-e-acostumado-a-ver-as-mulheres-autenticas-e-sem-medo-diz-karol-conka.shtml\" rel=\"nofollow noopener\" target=\"_blank\">cantora Karol Conk\u00e1<\/a>. &#8220;O \u00e1lbum se consolidou como um processo de elabora\u00e7\u00e3o do luto. Uma maneira de honrar a pessoa que se foi e manter sua mem\u00f3ria sempre viva&#8221;, diz a artista.<\/p>\n<p>com <strong>DIEGO ALEJANDRO, KARINA MATIAS e VICT\u00d3RIA C\u00d3COLO<\/strong><\/p>\n<p class=\"c-context__content\">&#13;<br \/>\n    <strong>LINK PRESENTE:<\/strong> Gostou deste texto? Assinante pode liberar sete acessos gratuitos de qualquer link por dia. Basta clicar no F azul abaixo.&#13;\n  <\/p>\n","protected":false},"excerpt":{"rendered":"Profissionais renomados do audiovisual se uniram em um novo projeto: a Tele Tele, primeira plataforma de novelas verticais&hellip;\n","protected":false},"author":2,"featured_media":90990,"comment_status":"","ping_status":"","sticky":false,"template":"","format":"standard","meta":{"footnotes":""},"categories":[142],"tags":[2851,114,115,236,2931,32,33,151],"class_list":{"0":"post-90989","1":"post","2":"type-post","3":"status-publish","4":"format-standard","5":"has-post-thumbnail","7":"category-tv","8":"tag-android","9":"tag-entertainment","10":"tag-entretenimento","11":"tag-folha","12":"tag-novela","13":"tag-portugal","14":"tag-pt","15":"tag-tv"},"share_on_mastodon":{"url":"","error":""},"_links":{"self":[{"href":"https:\/\/www.europesays.com\/pt\/wp-json\/wp\/v2\/posts\/90989","targetHints":{"allow":["GET"]}}],"collection":[{"href":"https:\/\/www.europesays.com\/pt\/wp-json\/wp\/v2\/posts"}],"about":[{"href":"https:\/\/www.europesays.com\/pt\/wp-json\/wp\/v2\/types\/post"}],"author":[{"embeddable":true,"href":"https:\/\/www.europesays.com\/pt\/wp-json\/wp\/v2\/users\/2"}],"replies":[{"embeddable":true,"href":"https:\/\/www.europesays.com\/pt\/wp-json\/wp\/v2\/comments?post=90989"}],"version-history":[{"count":0,"href":"https:\/\/www.europesays.com\/pt\/wp-json\/wp\/v2\/posts\/90989\/revisions"}],"wp:featuredmedia":[{"embeddable":true,"href":"https:\/\/www.europesays.com\/pt\/wp-json\/wp\/v2\/media\/90990"}],"wp:attachment":[{"href":"https:\/\/www.europesays.com\/pt\/wp-json\/wp\/v2\/media?parent=90989"}],"wp:term":[{"taxonomy":"category","embeddable":true,"href":"https:\/\/www.europesays.com\/pt\/wp-json\/wp\/v2\/categories?post=90989"},{"taxonomy":"post_tag","embeddable":true,"href":"https:\/\/www.europesays.com\/pt\/wp-json\/wp\/v2\/tags?post=90989"}],"curies":[{"name":"wp","href":"https:\/\/api.w.org\/{rel}","templated":true}]}}