{"id":91264,"date":"2025-09-29T10:09:07","date_gmt":"2025-09-29T10:09:07","guid":{"rendered":"https:\/\/www.europesays.com\/pt\/91264\/"},"modified":"2025-09-29T10:09:07","modified_gmt":"2025-09-29T10:09:07","slug":"prefeitura-reforca-acoes-de-vigilancia-e-comunica-usuarios-que-podem-ter-sido-expostos-ao-sarampo-prefeitura-de-primavera-do-leste-primavera-do-leste","status":"publish","type":"post","link":"https:\/\/www.europesays.com\/pt\/91264\/","title":{"rendered":"Prefeitura refor\u00e7a a\u00e7\u00f5es de vigil\u00e2ncia e comunica usu\u00e1rios que podem ter sido expostos ao sarampo &#8211; Prefeitura de Primavera do Leste Primavera do Leste"},"content":{"rendered":"<p dir=\"ltr\"><strong>A Secretaria Municipal de Sa\u00fade de Primavera do Leste informa que est\u00e1 realizando a\u00e7\u00f5es de vigil\u00e2ncia ativa para proteger a popula\u00e7\u00e3o diante da confirma\u00e7\u00e3o de casos de sarampo no munic\u00edpio.<\/strong><\/p>\n<p>&#13;<br \/>\n&#13;<\/p>\n<p dir=\"ltr\"><strong>Como medida preventiva, algumas pessoas que estiveram em servi\u00e7os de sa\u00fade nos dias 19 e 20 de setembro poder\u00e3o receber mensagens ou liga\u00e7\u00f5es da Coordena\u00e7\u00e3o de Vigil\u00e2ncia Epidemiol\u00f3gica da Secretaria Municipal de Sa\u00fade, orientando sobre sinais e sintomas da doen\u00e7a e acompanhando poss\u00edveis exposi\u00e7\u00f5es ao v\u00edrus.<\/strong><\/p>\n<p>&#13;<br \/>\n&#13;<\/p>\n<p dir=\"ltr\"><strong>Os contatos oficiais ser\u00e3o realizados exclusivamente pelo n\u00famero (66) 9 8153-0171. A Secretaria alerta que mensagens enviadas de outros n\u00fameros n\u00e3o devem ser respondidas e refor\u00e7a que n\u00e3o solicita, em nenhuma hip\u00f3tese, dados pessoais, banc\u00e1rios ou financeiros por outros canais de comunica\u00e7\u00e3o.<\/strong><\/p>\n<p>&#13;<br \/>\n&#13;<\/p>\n<p dir=\"ltr\"><strong>Se voc\u00ea esteve em algum servi\u00e7o de sa\u00fade nessas datas e apresente sintomas como febre, manchas na pele, tosse, nariz escorrendo ou olhos irritados, entre em contato com a Coordena\u00e7\u00e3o de Vigil\u00e2ncia Epidemiol\u00f3gica pelo telefone oficial. Se houver necessidade de atendimento m\u00e9dico, dirija-se a uma unidade de sa\u00fade utilizando m\u00e1scara, a fim de reduzir o risco de transmiss\u00e3o do v\u00edrus a outras pessoas.<\/strong><\/p>\n<p>&#13;<br \/>\n&#13;<\/p>\n<p dir=\"ltr\"><strong>A Secretaria refor\u00e7a que a vacina\u00e7\u00e3o \u00e9 a forma mais eficaz de preven\u00e7\u00e3o contra o sarampo e que manter a caderneta de vacina\u00e7\u00e3o atualizada \u00e9 essencial para a prote\u00e7\u00e3o individual e coletiva.<\/strong><\/p>\n","protected":false},"excerpt":{"rendered":"A Secretaria Municipal de Sa\u00fade de Primavera do Leste informa que est\u00e1 realizando a\u00e7\u00f5es de vigil\u00e2ncia ativa para&hellip;\n","protected":false},"author":2,"featured_media":91265,"comment_status":"","ping_status":"","sticky":false,"template":"","format":"standard","meta":{"footnotes":""},"categories":[86],"tags":[22822,4080,4079,4074,4075,11962,116,4083,1703,13,4078,32,11961,33,1670,117,4077,4081,4076,1333,4082],"class_list":{"0":"post-91264","1":"post","2":"type-post","3":"status-publish","4":"format-standard","5":"has-post-thumbnail","7":"category-saude","8":"tag-contato","9":"tag-desenvolvimento","10":"tag-documentos","11":"tag-galeria-de-fotos","12":"tag-galeria-de-fotos-da-cidade","13":"tag-galeria-de-videos","14":"tag-health","15":"tag-institucional","16":"tag-ministerio-da-saude","17":"tag-noticias","18":"tag-noticias-da-cidade","19":"tag-portugal","20":"tag-prefeitura-de-primavera-do-leste","21":"tag-pt","22":"tag-sarampo","23":"tag-saude","24":"tag-secretarias","25":"tag-sites","26":"tag-tv-prefeitura","27":"tag-vacina","28":"tag-websites"},"share_on_mastodon":{"url":"","error":""},"_links":{"self":[{"href":"https:\/\/www.europesays.com\/pt\/wp-json\/wp\/v2\/posts\/91264","targetHints":{"allow":["GET"]}}],"collection":[{"href":"https:\/\/www.europesays.com\/pt\/wp-json\/wp\/v2\/posts"}],"about":[{"href":"https:\/\/www.europesays.com\/pt\/wp-json\/wp\/v2\/types\/post"}],"author":[{"embeddable":true,"href":"https:\/\/www.europesays.com\/pt\/wp-json\/wp\/v2\/users\/2"}],"replies":[{"embeddable":true,"href":"https:\/\/www.europesays.com\/pt\/wp-json\/wp\/v2\/comments?post=91264"}],"version-history":[{"count":0,"href":"https:\/\/www.europesays.com\/pt\/wp-json\/wp\/v2\/posts\/91264\/revisions"}],"wp:featuredmedia":[{"embeddable":true,"href":"https:\/\/www.europesays.com\/pt\/wp-json\/wp\/v2\/media\/91265"}],"wp:attachment":[{"href":"https:\/\/www.europesays.com\/pt\/wp-json\/wp\/v2\/media?parent=91264"}],"wp:term":[{"taxonomy":"category","embeddable":true,"href":"https:\/\/www.europesays.com\/pt\/wp-json\/wp\/v2\/categories?post=91264"},{"taxonomy":"post_tag","embeddable":true,"href":"https:\/\/www.europesays.com\/pt\/wp-json\/wp\/v2\/tags?post=91264"}],"curies":[{"name":"wp","href":"https:\/\/api.w.org\/{rel}","templated":true}]}}