{"id":91287,"date":"2025-09-29T10:28:08","date_gmt":"2025-09-29T10:28:08","guid":{"rendered":"https:\/\/www.europesays.com\/pt\/91287\/"},"modified":"2025-09-29T10:28:08","modified_gmt":"2025-09-29T10:28:08","slug":"lockheed-martin-reage-a-concorrencia-europeia-gostamos-de-competicao-vencemos-sempre-diario-de-noticias","status":"publish","type":"post","link":"https:\/\/www.europesays.com\/pt\/91287\/","title":{"rendered":"Lockheed Martin reage \u00e0 concorr\u00eancia europeia: \u201cGostamos de competi\u00e7\u00e3o. Vencemos sempre\u201d &#8211; Di\u00e1rio de Not\u00edcias"},"content":{"rendered":"<ol>\n<li><a href=\"https:\/\/news.google.com\/rss\/articles\/CBMizAFBVV95cUxPeFYyRmNjaHRsS2VlaloyMVloOHNPemtIczhOM1pzWVZNSmkxT3F2eTgwUjBiZnVPOE5hbHVIdW1hR3V1ZURoX1FyeUZEZ2d2ODNDZjlzeEY0QXhhUEp2ZGNIRFZGYUJRVmtfUlhubmxGS3J5TUNhcUVkTUxWRWNFOXZuMmxrRXFGMk4xSlN5V1JGeXdCVHNkUmd4b2U2ZUFZX2wtU1NMYlFHbTFpY21zZG9PN0I1YWM5U1lENkVQSjA4YzRUcWotQzZnMTg?oc=5\" target=\"_blank\" rel=\"nofollow noopener\">Lockheed Martin reage \u00e0 concorr\u00eancia europeia: \u201cGostamos de competi\u00e7\u00e3o. Vencemos sempre\u201d<\/a>&nbsp;&nbsp;Di\u00e1rio de Not\u00edcias<\/li>\n<li><a href=\"https:\/\/news.google.com\/rss\/articles\/CBMiogFBVV95cUxObjdCOTdzWjZQNFZVcmlSUHBGMHc2Xzd2R0dJTU5ZelQ3QktabjJ0c01lY1JMcWVQQUd5YUluSVlmdUdER1drYS1sWjhOVVBUNktCZUVBeUltb0VjbldVZmdqYTJlQlpsdzAwdXdJcTAzTDZyRWV0el9HZnZiRjQ1TXpkWHNkVUljVDhRUjM4M0RuLTF5c0tfblgtUlR1YzlTY2c?oc=5\" target=\"_blank\" rel=\"nofollow noopener\">Saab prop\u00f5e investimentos para oferecer ca\u00e7as Gripen a Portugal<\/a>&nbsp;&nbsp;Poder A\u00e9reo<\/li>\n<li><a href=\"https:\/\/news.google.com\/rss\/articles\/CBMi4AFBVV95cUxOUmQ1UDEtcmxkMWRBZDdZclU0OVhiTVFqaXpBY0lXYi1WSzBVQmM5eXBvQ1BkVDhBem9CNE44QVBhUVRPdHUtN1gyOUdvUThybUUta0FEdERJZUlfMEJrbWR3MnJWTDNkZ3pWaWtXQkpBRTA0aDQ5bm1raFZVenFKX1pIdHE5RXpSa1VqaTE1ak1yQUJrTjNUSlZoQXROcmh2Xy11aGZna0tEQ0FyaUVWQ2lYT3dFY2N5V1BFU0VXUkdrVEZpZ0hxVm43ZDBCSm9uZUVWdVBadHpVVkNzVTI0Sg?oc=5\" target=\"_blank\" rel=\"nofollow noopener\">Assassino da Portela estava ilegal e j\u00e1 respondia na Justi\u00e7a. Matou com quatro facadas para roubar carteira<\/a>&nbsp;&nbsp;Correio da Manh\u00e3<\/li>\n<li><a href=\"https:\/\/news.google.com\/rss\/articles\/CBMi9gFBVV95cUxOWm5YOC1CRjRmdGlXREJ2MVhWbkE3VS1kb3cxUzhvVFBKeVU1MEwzTVZ6aFNYendzZ3dHc1U2WU9Lc1Y3VVRaYlVGQldxazZEYk9LQlhvaFo4V01VNzdzQk9EM2E2bTJ3bmhHNlhvcm9NSDdtTWNocGJrejRsWVBZUTlfM3JBSThFeFZHcnVfdDF6bF9pSWxUOGdFYkNhQlo5bDV1WnczZDkxbXBJMWZHVVowWWgyOWcwY01sbnJ6WHNMMDZwdTBtM28xNVZvRnBCdVFscGM5SmZLNFAtVGZyd1FtM3ZCNXY4Y09sNXpqNWE4MFVKcUHSAfsBQVVfeXFMT3pKc016YVAyRHFuRzYzNFZ5M1JETEFlUnZQT2RWMEVycUJ6YVI4b0JLdm85b0lzZkRmNmhSbVFsYS1iZDloa2xZRVdnc0R1cVk3SDB4bGdkRGt2UUgyVmVCTGtrN0tQbHRYRVp2eXJsMEQtQUdfMldyOHM2V2tLbE4tMlhHLVNvY0tDLTdOXzhhVDF4VG9jSnpNOEpQY3BtaFFTWmJTQzhZOUJUY0ZYQndLMEk3RkpQc2hobHdsS1lsTjI1Z1VObEVsQ05pN0UyXzNCTVo3emo0dWRTVFdEdVliSUg2SThsLUdIaTZOM0FzQkdSTXZ3bEl3bVE?oc=5\" target=\"_blank\" rel=\"nofollow noopener\">Empresas portuguesas v\u00e3o participar no desenvolvimento de ca\u00e7as para a for\u00e7a a\u00e9rea da Su\u00e9cia<\/a>&nbsp;&nbsp;Expresso<\/li>\n<li><a href=\"https:\/\/news.google.com\/rss\/articles\/CBMitAFBVV95cUxNWEtvTmU0N0NwamlQOGRJMkZaOGZ6S25qcTBOVnhtUElyQWxMUTZYWnFSaEJVX0ZpeTV5LVk2YVFMYzRGZVJvdk5pMDF2RFVwVGJHX3M2eEZObFJ3c1hoZzc1MDZGaS1Ib3ptSmpWRzNPbEttVGVMYUlyZXlPcXFUZ2JOeURlTXd2Z2pnTGxKRGJuM190dlVQeVZRdGwtUXlqb2t1amo5Ni1aYzg5MUhSRzRaTmg?oc=5\" target=\"_blank\" rel=\"nofollow noopener\">Lockheed Martin aponta mira a Portugal no programa F-35<\/a>&nbsp;&nbsp;Jornal de Neg\u00f3cios<\/li>\n<\/ol>\n","protected":false},"excerpt":{"rendered":"Lockheed Martin reage \u00e0 concorr\u00eancia europeia: \u201cGostamos de competi\u00e7\u00e3o. Vencemos sempre\u201d&nbsp;&nbsp;Di\u00e1rio de Not\u00edcias Saab prop\u00f5e investimentos para oferecer&hellip;\n","protected":false},"author":2,"featured_media":91288,"comment_status":"","ping_status":"","sticky":false,"template":"","format":"standard","meta":{"footnotes":""},"categories":[10],"tags":[27,28,7030,2537,306,15,16,14,25,26,21,22,12,13,19,20,32,23,24,33,17,18,29,30,31],"class_list":{"0":"post-91287","1":"post","2":"type-post","3":"status-publish","4":"format-standard","5":"has-post-thumbnail","7":"category-portugal","8":"tag-breaking-news","9":"tag-breakingnews","10":"tag-cacas","11":"tag-defesa","12":"tag-edicao-impressa","13":"tag-featured-news","14":"tag-featurednews","15":"tag-headlines","16":"tag-latest-news","17":"tag-latestnews","18":"tag-main-news","19":"tag-mainnews","20":"tag-news","21":"tag-noticias","22":"tag-noticias-principais","23":"tag-noticiasprincipais","24":"tag-portugal","25":"tag-principais-noticias","26":"tag-principaisnoticias","27":"tag-pt","28":"tag-top-stories","29":"tag-topstories","30":"tag-ultimas","31":"tag-ultimas-noticias","32":"tag-ultimasnoticias"},"share_on_mastodon":{"url":"","error":""},"_links":{"self":[{"href":"https:\/\/www.europesays.com\/pt\/wp-json\/wp\/v2\/posts\/91287","targetHints":{"allow":["GET"]}}],"collection":[{"href":"https:\/\/www.europesays.com\/pt\/wp-json\/wp\/v2\/posts"}],"about":[{"href":"https:\/\/www.europesays.com\/pt\/wp-json\/wp\/v2\/types\/post"}],"author":[{"embeddable":true,"href":"https:\/\/www.europesays.com\/pt\/wp-json\/wp\/v2\/users\/2"}],"replies":[{"embeddable":true,"href":"https:\/\/www.europesays.com\/pt\/wp-json\/wp\/v2\/comments?post=91287"}],"version-history":[{"count":0,"href":"https:\/\/www.europesays.com\/pt\/wp-json\/wp\/v2\/posts\/91287\/revisions"}],"wp:featuredmedia":[{"embeddable":true,"href":"https:\/\/www.europesays.com\/pt\/wp-json\/wp\/v2\/media\/91288"}],"wp:attachment":[{"href":"https:\/\/www.europesays.com\/pt\/wp-json\/wp\/v2\/media?parent=91287"}],"wp:term":[{"taxonomy":"category","embeddable":true,"href":"https:\/\/www.europesays.com\/pt\/wp-json\/wp\/v2\/categories?post=91287"},{"taxonomy":"post_tag","embeddable":true,"href":"https:\/\/www.europesays.com\/pt\/wp-json\/wp\/v2\/tags?post=91287"}],"curies":[{"name":"wp","href":"https:\/\/api.w.org\/{rel}","templated":true}]}}