{"id":91315,"date":"2025-09-29T10:47:13","date_gmt":"2025-09-29T10:47:13","guid":{"rendered":"https:\/\/www.europesays.com\/pt\/91315\/"},"modified":"2025-09-29T10:47:13","modified_gmt":"2025-09-29T10:47:13","slug":"vem-ai-em-a-protegida-virgilio-e-jorge-descobrem-a-ligacao-entre-oscar-isabel-e-teresa-novelas","status":"publish","type":"post","link":"https:\/\/www.europesays.com\/pt\/91315\/","title":{"rendered":"Vem a\u00ed em \u00abA Protegida\u00bb: Virg\u00edlio e Jorge descobrem a liga\u00e7\u00e3o entre \u00d3scar, Isabel e Teresa &#8211; Novelas"},"content":{"rendered":"<p>Em \u00abA Protegida\u00bb, Hacker observa e filma <a href=\"https:\/\/tvi.iol.pt\/novelas\/search?pagina=1&amp;pesquisa=joaquim+horta\" rel=\"nofollow noopener\" target=\"_blank\">\u00d3scar (Joaquim Horta)<\/a>\u00a0e todas as suas movimenta\u00e7\u00f5es, enquanto est\u00e1 a trabalhar na discoteca.<\/p>\n<p>Mais tarde, <a href=\"https:\/\/tvi.iol.pt\/novelas\/ator\/virgilio-cruz\/67ac83e1d34e3f0bae9a56e3\" rel=\"nofollow noopener\" target=\"_blank\">Virg\u00edlio (Diogo Morgado)<\/a>\u00a0recebe as informa\u00e7\u00f5es que B\u00e1rbara conseguiu apurar sobre \u00d3scar.<\/p>\n<p>Ele e <a href=\"https:\/\/tvi.iol.pt\/novelas\/ator\/jorge-azevedo\/67ac8611d34e3f0bae9a5724\" wbo-id=\"54\" rel=\"nofollow noopener\" target=\"_blank\">Jorge (Paulo Pires<\/a>) ficam perplexos ao saber que \u00d3scar e <a href=\"https:\/\/tvi.iol.pt\/novelas\/ator\/isabel-nobrega\/67adfe20d34e3f0bae9a67df\" rel=\"nofollow noopener\" target=\"_blank\">Isabel (Sara Barradas)<\/a>\u00a0s\u00e3o irm\u00e3os de <a href=\"https:\/\/tvi.iol.pt\/novelas\/ator\/teresa-vieira\/67ae111cd34ef72ee4423821\" wbo-id=\"51\" rel=\"nofollow noopener\" target=\"_blank\">Teresa (Sandra Faleiro)<\/a>. Eles come\u00e7am a perceber a dimens\u00e3o da situa\u00e7\u00e3o e percebem que t\u00eam de agir rapidamente.<\/p>\n<p>Recorde-se que \u00d3scar e Isabel querem vingan\u00e7a:<\/p>\n","protected":false},"excerpt":{"rendered":"Em \u00abA Protegida\u00bb, Hacker observa e filma \u00d3scar (Joaquim Horta)\u00a0e todas as suas movimenta\u00e7\u00f5es, enquanto est\u00e1 a trabalhar&hellip;\n","protected":false},"author":2,"featured_media":184,"comment_status":"","ping_status":"","sticky":false,"template":"","format":"standard","meta":{"footnotes":""},"categories":[142],"tags":[168,160,166,4836,114,115,157,167,1406,886,164,161,158,883,165,159,32,33,156,163,151,162,4837],"class_list":{"0":"post-91315","1":"post","2":"type-post","3":"status-publish","4":"format-standard","5":"has-post-thumbnail","7":"category-tv","8":"tag-a-protegida","9":"tag-ana-guiomar","10":"tag-cristina-ferreira","11":"tag-diogo-morgado","12":"tag-entertainment","13":"tag-entretenimento","14":"tag-festa-e-festa","15":"tag-ficcao","16":"tag-joaquim-horta","17":"tag-jorge","18":"tag-jose-fidalgo","19":"tag-novelas","20":"tag-para-sempre","21":"tag-paulo-pires","22":"tag-pedro-sousa","23":"tag-pedro-teixeira","24":"tag-portugal","25":"tag-pt","26":"tag-queridos-papas","27":"tag-tiago-teotonio-pereira","28":"tag-tv","29":"tag-tvi","30":"tag-virgilio"},"share_on_mastodon":{"url":"","error":""},"_links":{"self":[{"href":"https:\/\/www.europesays.com\/pt\/wp-json\/wp\/v2\/posts\/91315","targetHints":{"allow":["GET"]}}],"collection":[{"href":"https:\/\/www.europesays.com\/pt\/wp-json\/wp\/v2\/posts"}],"about":[{"href":"https:\/\/www.europesays.com\/pt\/wp-json\/wp\/v2\/types\/post"}],"author":[{"embeddable":true,"href":"https:\/\/www.europesays.com\/pt\/wp-json\/wp\/v2\/users\/2"}],"replies":[{"embeddable":true,"href":"https:\/\/www.europesays.com\/pt\/wp-json\/wp\/v2\/comments?post=91315"}],"version-history":[{"count":0,"href":"https:\/\/www.europesays.com\/pt\/wp-json\/wp\/v2\/posts\/91315\/revisions"}],"wp:featuredmedia":[{"embeddable":true,"href":"https:\/\/www.europesays.com\/pt\/wp-json\/wp\/v2\/media\/184"}],"wp:attachment":[{"href":"https:\/\/www.europesays.com\/pt\/wp-json\/wp\/v2\/media?parent=91315"}],"wp:term":[{"taxonomy":"category","embeddable":true,"href":"https:\/\/www.europesays.com\/pt\/wp-json\/wp\/v2\/categories?post=91315"},{"taxonomy":"post_tag","embeddable":true,"href":"https:\/\/www.europesays.com\/pt\/wp-json\/wp\/v2\/tags?post=91315"}],"curies":[{"name":"wp","href":"https:\/\/api.w.org\/{rel}","templated":true}]}}