{"id":91322,"date":"2025-09-29T10:51:09","date_gmt":"2025-09-29T10:51:09","guid":{"rendered":"https:\/\/www.europesays.com\/pt\/91322\/"},"modified":"2025-09-29T10:51:09","modified_gmt":"2025-09-29T10:51:09","slug":"quais-sao-as-novas-diretrizes-de-riscos-cardiacos-29-09-2025-tv-folha","status":"publish","type":"post","link":"https:\/\/www.europesays.com\/pt\/91322\/","title":{"rendered":"Quais s\u00e3o as novas diretrizes de riscos card\u00edacos? &#8211; 29\/09\/2025 &#8211; Tv Folha"},"content":{"rendered":"<p>Um levantamento da Socesp (Sociedade de Cardiologia do Estado de S\u00e3o Paulo) mostra que 33,5% dos paulistas n\u00e3o sabem que a falta de <a href=\"https:\/\/www1.folha.uol.com.br\/folha-topicos\/atividade-fisica\/\" rel=\"nofollow noopener\" target=\"_blank\">atividade f\u00edsica<\/a> \u00e9 um <a href=\"https:\/\/www1.folha.uol.com.br\/equilibrioesaude\/2024\/11\/oito-fatores-que-podem-aumentar-o-risco-de-doencas-cardiacas.shtml\" rel=\"nofollow noopener\" target=\"_blank\">risco para o cora\u00e7\u00e3o<\/a>; 28,7% n\u00e3o praticam nenhum exerc\u00edcio ao longo da semana e 32,8% se exercitam apenas duas vezes no per\u00edodo.<\/p>\n<p>As <a href=\"https:\/\/www1.folha.uol.com.br\/equilibrioesaude\/2025\/05\/semaglutida-reduz-mortalidade-por-doencas-cardiovasculares-em-50-em-6-meses-diz-estudo.shtml\" rel=\"nofollow noopener\" target=\"_blank\">doen\u00e7as cardiovasculares<\/a> s\u00e3o a principal causa de morte no mundo. O dado mais alarmante \u00e9 que 80% dos \u00f3bitos poderiam ser evitados com acompanhamento cardiol\u00f3gico, exames preventivos e a ado\u00e7\u00e3o de h\u00e1bitos saud\u00e1veis.<\/p>\n<p>Neste Dia Mundial do Cora\u00e7\u00e3o, celebrado em 29 de setembro, Priscila Camazano conversa com a rep\u00f3rter Patricia Pasquini sobre quais s\u00e3o as novas diretrizes de riscos card\u00edacos. O Como \u00e9 que \u00e9? come\u00e7a \u00e0s 18h, ao vivo.<\/p>\n<p>Transmitido ao vivo direto da Reda\u00e7\u00e3o da <b>Folha<\/b>, no centro de S\u00e3o Paulo, o programa da <a href=\"https:\/\/www1.folha.uol.com.br\/tv\/\" rel=\"nofollow noopener\" target=\"_blank\">TV Folha<\/a> vai ao ar de segunda a sexta-feira, pelos canais do jornal no <a href=\"https:\/\/www.youtube.com\/folha\" rel=\"nofollow noopener\" target=\"_blank\">YouTube<\/a>, no <a href=\"https:\/\/www.instagram.com\/folhadespaulo\/?hl=en\" rel=\"nofollow noopener\" target=\"_blank\">Instagram<\/a>, no <a href=\"https:\/\/www.facebook.com\/folhadesp\/?locale=pt_BR\" rel=\"nofollow noopener\" target=\"_blank\">Facebook<\/a> e na <a href=\"https:\/\/www.twitch.tv\/folhadesp\" rel=\"nofollow noopener\" target=\"_blank\">Twitch<\/a>.<\/p>\n<p>Depois da transmiss\u00e3o, a \u00edntegra das conversas segue dispon\u00edvel no canal da TV Folha no YouTube e tamb\u00e9m em vers\u00e3o \u00e1udio nos principais agregadores de podcasts.<\/p>\n<p>Al\u00e9m do programa di\u00e1rio, a TV Folha publica no YouTube entrevistas, reportagens e minidocs sobre diferentes temas do notici\u00e1rio.<\/p>\n<p>                  <script async src=\"\/\/www.instagram.com\/embed.js\"><\/script><\/p>\n","protected":false},"excerpt":{"rendered":"Um levantamento da Socesp (Sociedade de Cardiologia do Estado de S\u00e3o Paulo) mostra que 33,5% dos paulistas n\u00e3o&hellip;\n","protected":false},"author":2,"featured_media":91323,"comment_status":"","ping_status":"","sticky":false,"template":"","format":"standard","meta":{"footnotes":""},"categories":[86],"tags":[14887,1493,22829,1618,1617,236,116,5676,32,33,117,22830],"class_list":{"0":"post-91322","1":"post","2":"type-post","3":"status-publish","4":"format-standard","5":"has-post-thumbnail","7":"category-saude","8":"tag-ataque-cardiaco","9":"tag-avc","10":"tag-como-e-que-e","11":"tag-coracao","12":"tag-doenca-cardiovascular","13":"tag-folha","14":"tag-health","15":"tag-infarto","16":"tag-portugal","17":"tag-pt","18":"tag-saude","19":"tag-tv-folha"},"share_on_mastodon":{"url":"","error":""},"_links":{"self":[{"href":"https:\/\/www.europesays.com\/pt\/wp-json\/wp\/v2\/posts\/91322","targetHints":{"allow":["GET"]}}],"collection":[{"href":"https:\/\/www.europesays.com\/pt\/wp-json\/wp\/v2\/posts"}],"about":[{"href":"https:\/\/www.europesays.com\/pt\/wp-json\/wp\/v2\/types\/post"}],"author":[{"embeddable":true,"href":"https:\/\/www.europesays.com\/pt\/wp-json\/wp\/v2\/users\/2"}],"replies":[{"embeddable":true,"href":"https:\/\/www.europesays.com\/pt\/wp-json\/wp\/v2\/comments?post=91322"}],"version-history":[{"count":0,"href":"https:\/\/www.europesays.com\/pt\/wp-json\/wp\/v2\/posts\/91322\/revisions"}],"wp:featuredmedia":[{"embeddable":true,"href":"https:\/\/www.europesays.com\/pt\/wp-json\/wp\/v2\/media\/91323"}],"wp:attachment":[{"href":"https:\/\/www.europesays.com\/pt\/wp-json\/wp\/v2\/media?parent=91322"}],"wp:term":[{"taxonomy":"category","embeddable":true,"href":"https:\/\/www.europesays.com\/pt\/wp-json\/wp\/v2\/categories?post=91322"},{"taxonomy":"post_tag","embeddable":true,"href":"https:\/\/www.europesays.com\/pt\/wp-json\/wp\/v2\/tags?post=91322"}],"curies":[{"name":"wp","href":"https:\/\/api.w.org\/{rel}","templated":true}]}}