{"id":91331,"date":"2025-09-29T10:56:23","date_gmt":"2025-09-29T10:56:23","guid":{"rendered":"https:\/\/www.europesays.com\/pt\/91331\/"},"modified":"2025-09-29T10:56:23","modified_gmt":"2025-09-29T10:56:23","slug":"parque-de-saude-no-centro-da-maia-fica-pronto-em-junho-de-2026","status":"publish","type":"post","link":"https:\/\/www.europesays.com\/pt\/91331\/","title":{"rendered":"Parque de Sa\u00fade no centro da Maia fica pronto em junho de 2026"},"content":{"rendered":"<p>Destinando-se a 30 mil utentes, o edif\u00edcio ter\u00e1 quatro pisos acima do solo e dois em cave, integrando 52 gabinetes m\u00e9dicos, 32 de enfermagem, 12 salas de tratamento e tr\u00eas gin\u00e1sios para reabilita\u00e7\u00e3o. Al\u00e9m disso, um dos pisos ser\u00e1 destinado \u00e0 Unidade de Sa\u00fade P\u00fablica da ULS S\u00e3o Jo\u00e3o, explica a C\u00e2mara da Maia.<\/p>\n<p data-remotead-prev-elm=\"true\" data-remotead-elm-id=\"inread\">O empreendimento inclui um Centro de Sa\u00fade Digital, consultas descentralizadas de especialidades hospitalares, centro de diagn\u00f3stico integrado, centro de reabilita\u00e7\u00e3o e v\u00e1rias val\u00eancias complementares (psicologia, nutri\u00e7\u00e3o, podologia e sa\u00fade oral).<\/p>\n<p>Acesso exclusivo a assinantes<\/p>\n<p>Acesso ilimitado a conte\u00fados exclusivos<\/p>\n<p>Navega\u00e7\u00e3o sem publicidade intrusiva<\/p>\n<p>Vers\u00e3o digital do jornal, suplementos e revistas<\/p>\n","protected":false},"excerpt":{"rendered":"Destinando-se a 30 mil utentes, o edif\u00edcio ter\u00e1 quatro pisos acima do solo e dois em cave, integrando&hellip;\n","protected":false},"author":2,"featured_media":91332,"comment_status":"","ping_status":"","sticky":false,"template":"","format":"standard","meta":{"footnotes":""},"categories":[10],"tags":[27,28,22831,15,16,14,25,26,21,22,12,13,19,20,32,23,24,33,17,18,29,30,31],"class_list":{"0":"post-91331","1":"post","2":"type-post","3":"status-publish","4":"format-standard","5":"has-post-thumbnail","7":"category-portugal","8":"tag-breaking-news","9":"tag-breakingnews","10":"tag-concelho-maia","11":"tag-featured-news","12":"tag-featurednews","13":"tag-headlines","14":"tag-latest-news","15":"tag-latestnews","16":"tag-main-news","17":"tag-mainnews","18":"tag-news","19":"tag-noticias","20":"tag-noticias-principais","21":"tag-noticiasprincipais","22":"tag-portugal","23":"tag-principais-noticias","24":"tag-principaisnoticias","25":"tag-pt","26":"tag-top-stories","27":"tag-topstories","28":"tag-ultimas","29":"tag-ultimas-noticias","30":"tag-ultimasnoticias"},"share_on_mastodon":{"url":"","error":""},"_links":{"self":[{"href":"https:\/\/www.europesays.com\/pt\/wp-json\/wp\/v2\/posts\/91331","targetHints":{"allow":["GET"]}}],"collection":[{"href":"https:\/\/www.europesays.com\/pt\/wp-json\/wp\/v2\/posts"}],"about":[{"href":"https:\/\/www.europesays.com\/pt\/wp-json\/wp\/v2\/types\/post"}],"author":[{"embeddable":true,"href":"https:\/\/www.europesays.com\/pt\/wp-json\/wp\/v2\/users\/2"}],"replies":[{"embeddable":true,"href":"https:\/\/www.europesays.com\/pt\/wp-json\/wp\/v2\/comments?post=91331"}],"version-history":[{"count":0,"href":"https:\/\/www.europesays.com\/pt\/wp-json\/wp\/v2\/posts\/91331\/revisions"}],"wp:featuredmedia":[{"embeddable":true,"href":"https:\/\/www.europesays.com\/pt\/wp-json\/wp\/v2\/media\/91332"}],"wp:attachment":[{"href":"https:\/\/www.europesays.com\/pt\/wp-json\/wp\/v2\/media?parent=91331"}],"wp:term":[{"taxonomy":"category","embeddable":true,"href":"https:\/\/www.europesays.com\/pt\/wp-json\/wp\/v2\/categories?post=91331"},{"taxonomy":"post_tag","embeddable":true,"href":"https:\/\/www.europesays.com\/pt\/wp-json\/wp\/v2\/tags?post=91331"}],"curies":[{"name":"wp","href":"https:\/\/api.w.org\/{rel}","templated":true}]}}