{"id":91361,"date":"2025-09-29T11:15:27","date_gmt":"2025-09-29T11:15:27","guid":{"rendered":"https:\/\/www.europesays.com\/pt\/91361\/"},"modified":"2025-09-29T11:15:27","modified_gmt":"2025-09-29T11:15:27","slug":"familia-roitman-descobre-que-leonardo-esta-vivo-e-quem-foi-enterrado-em-seu-lugar","status":"publish","type":"post","link":"https:\/\/www.europesays.com\/pt\/91361\/","title":{"rendered":"fam\u00edlia Roitman descobre que Leonardo est\u00e1 vivo e quem foi enterrado em seu lugar"},"content":{"rendered":"<p>                        <img width=\"944\" height=\"531\" src=\"https:\/\/www.europesays.com\/pt\/wp-content\/uploads\/2025\/09\/Familia-Roitman-em-Vale-Tudo-1-944x531.jpg\" class=\"attachment-custom-large size-custom-large article-featured-image\" alt=\"Fam\u00edlia Roitman em Vale Tudo\" fetchpriority=\"high\" decoding=\"async\"  \/><\/p>\n<p>Fam\u00edlia Roitman em Vale Tudo (Foto: Divulga\u00e7\u00e3o, Globo)<\/p>\n<p>A antepen\u00faltima semana de Vale Tudo ser\u00e1 marcada pela revela\u00e7\u00e3o de toda trama de Leonardo (Guilherme Magon). Al\u00e9m da fam\u00edlia Roitman descobrir o grande segredo de Odete (Debora Bloch), eles tamb\u00e9m v\u00e3o entender tudo que aconteceu na noite do acidente.<\/p>\n<p>Continua depois da publicidade<\/p>\n<p>Ao contr\u00e1rio do que aconteceu na vers\u00e3o original da novela, no remake de Vale Tudo, Leonardo n\u00e3o est\u00e1 morto, mas sim vivo e mantido sob sigilo. Odete Roitman (Debora Bloch) pagava Nise (Teca Pereira) para que cuidasse do filho em um casebre afastado.<\/p>\n<p>Com a morte da antiga bab\u00e1 de Leonardo e Heleninha (Paolla Oliveira), quem passou a cuidar de Leonardo foi Ana Clara (Samantha Jones) que s\u00f3 trouxe problemas para Odete Roitman. Depois de muitas chantagens, nesta semana, Odete dar\u00e1 um fim na menina.<\/p>\n<p>1<\/p>\n<p>VoltarAvan\u00e7ar<\/p>\n<p><img loading=\"lazy\" decoding=\"async\" width=\"1200\" height=\"675\" data-id=\"7634102\" src=\"https:\/\/www.europesays.com\/pt\/wp-content\/uploads\/2025\/09\/Odete-abraca-Leonardo-em-Vale-Tudo-3.jpg\" alt=\"\" class=\"wp-image-7634102\"  \/><\/p>\n<p>Odete encontra Leonardo sozinho (Foto: Divulga\u00e7\u00e3o, Globo)<\/p>\n<p><img loading=\"lazy\" decoding=\"async\" width=\"1200\" height=\"675\" data-id=\"7634078\" src=\"https:\/\/www.europesays.com\/pt\/wp-content\/uploads\/2025\/09\/Odete-abraca-Leonardo-em-Vale-Tudo-4.jpg\" alt=\"Odete abra\u00e7a Leonardo em Vale Tudo\" class=\"wp-image-7634078\"  \/><\/p>\n<p>Ela v\u00ea que o filho est\u00e1 com sede e fome (Foto: Divulga\u00e7\u00e3o, Globo)<\/p>\n<p><img loading=\"lazy\" decoding=\"async\" width=\"1200\" height=\"675\" data-id=\"7634092\" src=\"https:\/\/www.europesays.com\/pt\/wp-content\/uploads\/2025\/09\/Odete-abraca-Leonardo-em-Vale-Tudo-2.jpg\" alt=\"Odete abra\u00e7a Leonardo em Vale Tudo\" class=\"wp-image-7634092\"  \/><\/p>\n<p>Odete v\u00ea que o filho est\u00e1 agitado (Foto: Divulga\u00e7\u00e3o, Globo)<\/p>\n<p><img loading=\"lazy\" decoding=\"async\" width=\"1200\" height=\"675\" data-id=\"7634108\" src=\"https:\/\/www.europesays.com\/pt\/wp-content\/uploads\/2025\/09\/Odete-abraca-Leonardo-em-Vale-Tudo.jpg\" alt=\"Odete abra\u00e7a Leonardo em Vale Tudo\" class=\"wp-image-7634108\"  \/><\/p>\n<p>E abra\u00e7a Leonardo (Foto: Divulga\u00e7\u00e3o, Globo)<\/p>\n<p>Continua depois da publicidade<\/p>\n<p>\u00c9 quando acontece a grande revela\u00e7\u00e3o. Em cenas que ser\u00e3o exibidas esta semana em Vale Tudo, uma cena vai mostrar, a partir da perspectiva de cada personagem tudo que aconteceu na noite do acidente em que Heleninha acredita que foi a respons\u00e1vel pela morte do irm\u00e3o g\u00eameo.<\/p>\n<p>Al\u00e9m disso, os personagens tamb\u00e9m v\u00e3o descobrir que o corpo enterrado no lugar do jovem, na verdade, foi o do marido de Nise (Teca Pereira). Para esclarecer tudo que aconteceu e explicar como Odete fez para guardar o segredo, a novela vai trazer v\u00e1rios flashbacks in\u00e9ditos.<\/p>\n<p>A atriz Valentina P. Seabra aparece como a mulher que estava com Marco Aur\u00e9lio (Alexandre Nero). Foi essa trai\u00e7\u00e3o que acabou causando a bebedeira de Heleninha e provocando o acidente da noite fat\u00eddica que mudou para sempre a vida dos Roitman.<\/p>\n<p>Continua depois da publicidade<\/p>\n<p><strong><a href=\"https:\/\/www.nsctotal.com.br\/noticias\/marco-aurelio-podera-ter-final-muito-parecido-com-o-de-alguns-politicos-em-vale-tudo\" target=\"_blank\" rel=\"noreferrer noopener nofollow\">Marco Aur\u00e9lio poder\u00e1 ter final muito parecido com o de alguns pol\u00edticos em Vale Tudo<\/a><\/strong><\/p>\n","protected":false},"excerpt":{"rendered":"Fam\u00edlia Roitman em Vale Tudo (Foto: Divulga\u00e7\u00e3o, Globo) A antepen\u00faltima semana de Vale Tudo ser\u00e1 marcada pela revela\u00e7\u00e3o&hellip;\n","protected":false},"author":2,"featured_media":91362,"comment_status":"","ping_status":"","sticky":false,"template":"","format":"standard","meta":{"footnotes":""},"categories":[142],"tags":[114,115,32,33,151,543],"class_list":{"0":"post-91361","1":"post","2":"type-post","3":"status-publish","4":"format-standard","5":"has-post-thumbnail","7":"category-tv","8":"tag-entertainment","9":"tag-entretenimento","10":"tag-portugal","11":"tag-pt","12":"tag-tv","13":"tag-ver-ouvir-ler"},"share_on_mastodon":{"url":"","error":""},"_links":{"self":[{"href":"https:\/\/www.europesays.com\/pt\/wp-json\/wp\/v2\/posts\/91361","targetHints":{"allow":["GET"]}}],"collection":[{"href":"https:\/\/www.europesays.com\/pt\/wp-json\/wp\/v2\/posts"}],"about":[{"href":"https:\/\/www.europesays.com\/pt\/wp-json\/wp\/v2\/types\/post"}],"author":[{"embeddable":true,"href":"https:\/\/www.europesays.com\/pt\/wp-json\/wp\/v2\/users\/2"}],"replies":[{"embeddable":true,"href":"https:\/\/www.europesays.com\/pt\/wp-json\/wp\/v2\/comments?post=91361"}],"version-history":[{"count":0,"href":"https:\/\/www.europesays.com\/pt\/wp-json\/wp\/v2\/posts\/91361\/revisions"}],"wp:featuredmedia":[{"embeddable":true,"href":"https:\/\/www.europesays.com\/pt\/wp-json\/wp\/v2\/media\/91362"}],"wp:attachment":[{"href":"https:\/\/www.europesays.com\/pt\/wp-json\/wp\/v2\/media?parent=91361"}],"wp:term":[{"taxonomy":"category","embeddable":true,"href":"https:\/\/www.europesays.com\/pt\/wp-json\/wp\/v2\/categories?post=91361"},{"taxonomy":"post_tag","embeddable":true,"href":"https:\/\/www.europesays.com\/pt\/wp-json\/wp\/v2\/tags?post=91361"}],"curies":[{"name":"wp","href":"https:\/\/api.w.org\/{rel}","templated":true}]}}