{"id":91377,"date":"2025-09-29T11:24:20","date_gmt":"2025-09-29T11:24:20","guid":{"rendered":"https:\/\/www.europesays.com\/pt\/91377\/"},"modified":"2025-09-29T11:24:20","modified_gmt":"2025-09-29T11:24:20","slug":"medico-condenado-por-difamar-colega-com-cartas-anonimas","status":"publish","type":"post","link":"https:\/\/www.europesays.com\/pt\/91377\/","title":{"rendered":"M\u00e9dico condenado por difamar colega com cartas an\u00f3nimas"},"content":{"rendered":"<p>A coberto do anonimato, o m\u00e9dico coordenador do Centro de Sa\u00fade de Vila Nova de Foz C\u00f4a escreveu duas cartas, fazendo-se passar por um utente, a acusar um colega subordinado de usufruir de baixas fraudulentas, ao mesmo tempo que era visto na apanha da azeitona ou a trabalhar numa padaria, de que \u00e9 propriet\u00e1rio. Os escritos foram enviados para a ent\u00e3o ministra da Sa\u00fade, Marta Temido, e aos \u00f3rg\u00e3os locais de gest\u00e3o. Mas o coordenador acabou por ser apanhado, quando foram descobertos os rascunhos manuscritos pelo pr\u00f3prio, antes de enviar as den\u00fancias an\u00f3nimas. O m\u00e9dico, Fernando Gir\u00e3o, foi condenado, este m\u00eas, a uma pena de multa de 3600 euros por dois crimes de difama\u00e7\u00e3o agravada. Tamb\u00e9m foi sentenciado a pagar uma indemniza\u00e7\u00e3o de mil euros ao colega Ant\u00f3nio Sotero Ferreira.<\/p>\n<p data-remotead-prev-elm=\"true\" data-remotead-elm-id=\"inread\">De acordo com a senten\u00e7a, foi no dia 2 de janeiro de 2020 que o coordenador enviou a primeira carta ao Conselho de Administra\u00e7\u00e3o da Unidade Local de Sa\u00fade da Guarda, \u00e0 ent\u00e3o ministra, ao presidente da Administra\u00e7\u00e3o Regional de Sa\u00fade do Centro e ao diretor do Centro de Sa\u00fade de Foz C\u00f4a. Come\u00e7ava assim: &#8220;Sou utente do SNS, residente no concelho de Foz C\u00f4a e, porque n\u00e3o ficava bem com a minha consci\u00eancia, exponho a V. Exa. o seguinte&#8221;. Alegava que, ap\u00f3s a aposenta\u00e7\u00e3o de uma m\u00e9dica, havia uma vaga para preencher no centro de sa\u00fade da cidade. &#8220;Parece ter vindo o dr. Fernando Gir\u00e3o, ficando o dr. Sotero a fazer servi\u00e7o nos postos de Sequeira e de Freixo do Num\u00e3o&#8221;, continuando: &#8220;Acontece que o dr. Sotero &#8220;adoeceu&#8221; e meteu atestado m\u00e9dico, talvez por revolta por ter que sair da cidade&#8221;.<\/p>\n<p>Acesso exclusivo a assinantes<\/p>\n<p>Acesso ilimitado a conte\u00fados exclusivos<\/p>\n<p>Navega\u00e7\u00e3o sem publicidade intrusiva<\/p>\n<p>Vers\u00e3o digital do jornal, suplementos e revistas<\/p>\n","protected":false},"excerpt":{"rendered":"A coberto do anonimato, o m\u00e9dico coordenador do Centro de Sa\u00fade de Vila Nova de Foz C\u00f4a escreveu&hellip;\n","protected":false},"author":2,"featured_media":91378,"comment_status":"","ping_status":"","sticky":false,"template":"","format":"standard","meta":{"footnotes":""},"categories":[10],"tags":[27,28,449,15,16,14,603,25,26,21,22,2647,12,13,19,20,32,23,24,33,17,18,29,30,31],"class_list":{"0":"post-91377","1":"post","2":"type-post","3":"status-publish","4":"format-standard","5":"has-post-thumbnail","7":"category-portugal","8":"tag-breaking-news","9":"tag-breakingnews","10":"tag-difamacao","11":"tag-featured-news","12":"tag-featurednews","13":"tag-headlines","14":"tag-justica","15":"tag-latest-news","16":"tag-latestnews","17":"tag-main-news","18":"tag-mainnews","19":"tag-medicos","20":"tag-news","21":"tag-noticias","22":"tag-noticias-principais","23":"tag-noticiasprincipais","24":"tag-portugal","25":"tag-principais-noticias","26":"tag-principaisnoticias","27":"tag-pt","28":"tag-top-stories","29":"tag-topstories","30":"tag-ultimas","31":"tag-ultimas-noticias","32":"tag-ultimasnoticias"},"share_on_mastodon":{"url":"","error":""},"_links":{"self":[{"href":"https:\/\/www.europesays.com\/pt\/wp-json\/wp\/v2\/posts\/91377","targetHints":{"allow":["GET"]}}],"collection":[{"href":"https:\/\/www.europesays.com\/pt\/wp-json\/wp\/v2\/posts"}],"about":[{"href":"https:\/\/www.europesays.com\/pt\/wp-json\/wp\/v2\/types\/post"}],"author":[{"embeddable":true,"href":"https:\/\/www.europesays.com\/pt\/wp-json\/wp\/v2\/users\/2"}],"replies":[{"embeddable":true,"href":"https:\/\/www.europesays.com\/pt\/wp-json\/wp\/v2\/comments?post=91377"}],"version-history":[{"count":0,"href":"https:\/\/www.europesays.com\/pt\/wp-json\/wp\/v2\/posts\/91377\/revisions"}],"wp:featuredmedia":[{"embeddable":true,"href":"https:\/\/www.europesays.com\/pt\/wp-json\/wp\/v2\/media\/91378"}],"wp:attachment":[{"href":"https:\/\/www.europesays.com\/pt\/wp-json\/wp\/v2\/media?parent=91377"}],"wp:term":[{"taxonomy":"category","embeddable":true,"href":"https:\/\/www.europesays.com\/pt\/wp-json\/wp\/v2\/categories?post=91377"},{"taxonomy":"post_tag","embeddable":true,"href":"https:\/\/www.europesays.com\/pt\/wp-json\/wp\/v2\/tags?post=91377"}],"curies":[{"name":"wp","href":"https:\/\/api.w.org\/{rel}","templated":true}]}}