{"id":9139,"date":"2025-07-30T21:06:09","date_gmt":"2025-07-30T21:06:09","guid":{"rendered":"https:\/\/www.europesays.com\/pt\/9139\/"},"modified":"2025-07-30T21:06:09","modified_gmt":"2025-07-30T21:06:09","slug":"o-dia-que-scott-ian-se-fantasiou-de-gene-simmons-e-foi-enquadrado-por-ozzy-osbourne","status":"publish","type":"post","link":"https:\/\/www.europesays.com\/pt\/9139\/","title":{"rendered":"O dia que Scott Ian se fantasiou de Gene Simmons e foi enquadrado por Ozzy Osbourne"},"content":{"rendered":"<p>Scott Ian, carism\u00e1tico guitarrista da banda de thrash metal Anthrax, concedeu uma entrevista \u00e0 <a href=\"https:\/\/www.loudersound.com\/bands-artists\/scott-ian-ozzy-kiss-anecdote\" rel=\"nofollow noopener\" target=\"_blank\">Metal Hammer<\/a> no in\u00edcio deste ano. O tema da conversa foi o &#8220;Back to the Beginning&#8221;, festival que marcou a despedida do Black Sabbath dos palcos, realizado em 5 de julho, em Birmingham, Inglaterra.<\/p>\n<p><a href=\"https:\/\/whiplash.net\/bandas\/a\/anthrax.html\" class=\"linkBotao\" rel=\"nofollow noopener\" target=\"_blank\">Anthrax &#8211; Mais Novidades<\/a><br \/><a target=\"_blank\" href=\"https:\/\/www.europesays.com\/pt\/wp-content\/uploads\/2025\/07\/anthrax_scott_ian_diego_camara.jpg\"><img loading=\"lazy\" decoding=\"async\" src=\"https:\/\/www.europesays.com\/pt\/wp-content\/uploads\/2025\/07\/anthrax_scott_ian_diego_camara.jpg\" class=\"widthConstrained\" width=\"700\" height=\"467\" alt=\"Foto: Diego Camara\"\/><\/a>Foto: Diego Camara<\/p>\n<p>CONTINUA DEPOIS DA PUBLICIDADE &#8211; CLI<\/p>\n<p>&#13;<br \/>\n&#13;<br \/>\n&#13;<br \/>\n&#13;<br \/>\n&#13;<br \/>\n&#13;<br \/>\n&#13;<br \/>\n&#13;<br \/>\n<a href=\"https:\/\/whiplash.net\/materias\/whiplash\/027002.html\" rel=\"nofollow noopener\" target=\"_blank\"><img decoding=\"async\" src=\"https:\/\/www.europesays.com\/pt\/wp-content\/uploads\/2025\/07\/1753904113_318_anunciar_diabo_336x280.gif\" loading=\"lazy\" width=\"336\" height=\"280\" class=\"widthConstrained\" style=\"background-color:#000000;display:block;\" alt=\"Anunciar bandas e shows de Rock e Heavy Metal\"\/><\/a>&#13;<\/p>\n<p>F\u00e3 declarado do <a href=\"https:\/\/whiplash.net\/bandas\/b\/blacksabbath.html\" class=\"hotwords\" rel=\"nofollow noopener\" target=\"_blank\">Black Sabbath<\/a>, Ian desenvolveu uma amizade com <a href=\"https:\/\/whiplash.net\/bandas\/o\/ozzyosbourne.html\" class=\"hotwords\" rel=\"nofollow noopener\" target=\"_blank\">Ozzy Osbourne<\/a> ao longo dos anos. Durante a entrevista, ele relembrou um epis\u00f3dio inusitado protagonizado ao lado do ic\u00f4nico vocalista.<\/p>\n<p>Segundo Ian, o caso aconteceu durante o Halloween. Ele decidiu se fantasiar de <a href=\"https:\/\/whiplash.net\/bandas\/g\/genesimmons.html\" class=\"hotwords\" rel=\"nofollow noopener\" target=\"_blank\">Gene Simmons<\/a>, baixista e vocalista do <a href=\"https:\/\/whiplash.net\/bandas\/k\/kiss.html\" class=\"hotwords\" rel=\"nofollow noopener\" target=\"_blank\">Kiss<\/a>, e sua caracteriza\u00e7\u00e3o acabou confundindo Ozzy.<\/p>\n<p>&#8220;Em 2001, eu tinha um programa na VH1 nos Estados Unidos. Tinha convidados e contratamos o Ozzy. Era um programa de Halloween, eu estava fantasiado e maquiado de Gene Simmons, mas com a minha cabe\u00e7a careca e barba. O Ozzy apareceu com a Sharon, ele estava fazendo promo\u00e7\u00e3o o dia todo, e eu imediatamente percebi que ele simplesmente n\u00e3o queria estar l\u00e1.<\/p>\n<p>CONTINUA DEPOIS DA PUBLICIDADE &#8211; GOO<\/p>\n<p>&#13;<br \/>\n&#13;<br \/>\n&#13;<br \/>\n&#13;<br \/>\n<a href=\"https:\/\/whiplash.net\/materias\/whiplash\/027002.html\" rel=\"nofollow noopener\" target=\"_blank\"><img decoding=\"async\" src=\"https:\/\/www.europesays.com\/pt\/wp-content\/uploads\/2025\/07\/1753904113_318_anunciar_diabo_336x280.gif\" loading=\"lazy\" width=\"336\" height=\"280\" alt=\"Anunciar no Whiplash.Net\"\/><\/a>&#13;<br \/>\n&#13;<br \/>\n&#13;<br \/>\n&#13;<br \/>\n&#13;<br \/>\n&#13;<br \/>\n<a href=\"https:\/\/whiplash.net\/materias\/whiplash\/027002.html\" rel=\"nofollow noopener\" target=\"_blank\"><img decoding=\"async\" src=\"https:\/\/www.europesays.com\/pt\/wp-content\/uploads\/2025\/07\/1753904113_318_anunciar_diabo_336x280.gif\" loading=\"lazy\" width=\"336\" height=\"280\" class=\"widthConstrained\" style=\"background-color:#000000;display:block;\" alt=\"Anunciar bandas e shows de Rock e Heavy Metal\"\/><\/a>&#13;<\/p>\n<p>Ent\u00e3o ele se sentou ao meu lado [&#8230;] e ficou me encarando em sil\u00eancio. Eu recebia respostas monossil\u00e1bicas e ele me lan\u00e7ou um olhar mortal.&#8221;<\/p>\n<p>A atitude de Ozzy deixou Scott apreensivo. Felizmente, o Madman logo o reconheceu, e a tens\u00e3o deu lugar a um clima amistoso.<\/p>\n<p>&#8220;Ele come\u00e7ou a me encarar bem de perto. E disse: &#8216;\u00c9 voc\u00ea! Scott! Achei que fosse s\u00f3 um babaca vestido como o cara do Kiss!&#8217; De repente, era s\u00f3 abra\u00e7os e beijos. Mas eu me lembro da Sharon parada ao lado gritando: &#8216;Eu te disse que era o Scott, Ozzy\u2019.&#8221;<\/p>\n<p><a href=\"https:\/\/whiplash.net\/assuntos\/m\/morteozzyosbourne.html\" rel=\"nofollow noopener\" target=\"_blank\">Infelizmente, Ozzy n\u00e3o est\u00e1 mais entre n\u00f3s. O eterno Madman faleceu 17 dias ap\u00f3s sua apresenta\u00e7\u00e3o no &#8220;Back to the Beginning&#8221;.<\/a><\/p>\n<p>CONTINUA DEPOIS DA PUBLICIDADE &#8211; CLI<\/p>\n<p>&#13;<br \/>\n&#13;<br \/>\n&#13;<br \/>\n&#13;<br \/>\n&#13;<br \/>\n&#13;<br \/>\n&#13;<br \/>\n&#13;<br \/>\n<a href=\"https:\/\/whiplash.net\/materias\/whiplash\/027002.html\" rel=\"nofollow noopener\" target=\"_blank\"><img decoding=\"async\" src=\"https:\/\/www.europesays.com\/pt\/wp-content\/uploads\/2025\/07\/1753904113_318_anunciar_diabo_336x280.gif\" loading=\"lazy\" width=\"336\" height=\"280\" class=\"widthConstrained\" style=\"background-color:#000000;display:block;\" alt=\"Anunciar bandas e shows de Rock e Heavy Metal\"\/><\/a>&#13;<\/p>\n","protected":false},"excerpt":{"rendered":"Scott Ian, carism\u00e1tico guitarrista da banda de thrash metal Anthrax, concedeu uma entrevista \u00e0 Metal Hammer no in\u00edcio&hellip;\n","protected":false},"author":2,"featured_media":9140,"comment_status":"","ping_status":"","sticky":false,"template":"","format":"standard","meta":{"footnotes":""},"categories":[141],"tags":[114,115,149,150,32,33],"class_list":{"0":"post-9139","1":"post","2":"type-post","3":"status-publish","4":"format-standard","5":"has-post-thumbnail","7":"category-musica","8":"tag-entertainment","9":"tag-entretenimento","10":"tag-music","11":"tag-musica","12":"tag-portugal","13":"tag-pt"},"share_on_mastodon":{"url":"","error":""},"_links":{"self":[{"href":"https:\/\/www.europesays.com\/pt\/wp-json\/wp\/v2\/posts\/9139","targetHints":{"allow":["GET"]}}],"collection":[{"href":"https:\/\/www.europesays.com\/pt\/wp-json\/wp\/v2\/posts"}],"about":[{"href":"https:\/\/www.europesays.com\/pt\/wp-json\/wp\/v2\/types\/post"}],"author":[{"embeddable":true,"href":"https:\/\/www.europesays.com\/pt\/wp-json\/wp\/v2\/users\/2"}],"replies":[{"embeddable":true,"href":"https:\/\/www.europesays.com\/pt\/wp-json\/wp\/v2\/comments?post=9139"}],"version-history":[{"count":0,"href":"https:\/\/www.europesays.com\/pt\/wp-json\/wp\/v2\/posts\/9139\/revisions"}],"wp:featuredmedia":[{"embeddable":true,"href":"https:\/\/www.europesays.com\/pt\/wp-json\/wp\/v2\/media\/9140"}],"wp:attachment":[{"href":"https:\/\/www.europesays.com\/pt\/wp-json\/wp\/v2\/media?parent=9139"}],"wp:term":[{"taxonomy":"category","embeddable":true,"href":"https:\/\/www.europesays.com\/pt\/wp-json\/wp\/v2\/categories?post=9139"},{"taxonomy":"post_tag","embeddable":true,"href":"https:\/\/www.europesays.com\/pt\/wp-json\/wp\/v2\/tags?post=9139"}],"curies":[{"name":"wp","href":"https:\/\/api.w.org\/{rel}","templated":true}]}}