{"id":91417,"date":"2025-09-29T11:57:11","date_gmt":"2025-09-29T11:57:11","guid":{"rendered":"https:\/\/www.europesays.com\/pt\/91417\/"},"modified":"2025-09-29T11:57:11","modified_gmt":"2025-09-29T11:57:11","slug":"palhacada-do-sbt-custa-caro-e-jornais-da-record-disparam-na-vice-lideranca","status":"publish","type":"post","link":"https:\/\/www.europesays.com\/pt\/91417\/","title":{"rendered":"Palha\u00e7ada do SBT custa caro e jornais da Record disparam na vice-lideran\u00e7a"},"content":{"rendered":"<p>Lan\u00e7ada em 26 de maio, a nova vers\u00e3o do Bom Dia &amp; Cia, agora com os palha\u00e7os Patati Patat\u00e1, tem custado caro ao SBT, para a alegria da dire\u00e7\u00e3o da Record.<\/p>\n<p>Desde que o Primeiro Impacto foi preterido pelo infantil, que, diga-se, j\u00e1 perambulou por v\u00e1rios hor\u00e1rios, a rede de Edir Macedo foi a mais beneficiada, seja na consolida\u00e7\u00e3o da vice-lideran\u00e7a, seja no avan\u00e7o sobre faixas importantes das manh\u00e3s.<\/p>\n<p>+ <a href=\"https:\/\/natelinha.uol.com.br\/colunas\/joao-paulo-dell-santo\/2025\/09\/22\/quase-quarentona-a-praca-e-nossa-vira-muralha-na-briga-entre-sbt-e-record-231613.php\" rel=\"nofollow noopener\" target=\"_blank\">Quase quarentona, A Pra\u00e7a \u00e9 Nossa vira muralha na briga entre SBT e Record<\/a><\/p>\n<p>continua depois da publicidade<\/p>\n<p>+ <a href=\"https:\/\/natelinha.uol.com.br\/colunas\/joao-paulo-dell-santo\/2025\/09\/15\/band-reve-gastos-e-se-prepara-para-apertar-os-cintos-231297.php\" rel=\"nofollow noopener\" target=\"_blank\">Band rev\u00ea gastos e se prepara para apertar os cintos<\/a><\/p>\n<p>Dados obtidos com exclusividade por esta coluna do <strong>NaTelinha<\/strong>, atrav\u00e9s de fontes do mercado, mostram que o <strong>Balan\u00e7o Geral Manh\u00e3 SP<\/strong> e o Fala Brasil dispararam na briga de audi\u00eancia.<\/p>\n<p>O primeiro,\u00a0no ar das 7h30 \u00e0s 8h30 e sob o comando de William Leite, disp\u00f5e de 3,2 pontos ante 2,4 do <a href=\"https:\/\/natelinha.uol.com.br\/televisao\/emissoras\/sbt\" rel=\"nofollow noopener\" target=\"_blank\">SBT<\/a> na parcial de setembro (de 1\u00ba a 25), ante 3,0 de agosto. Desde novembro de 2022, o programa mant\u00e9m a posi\u00e7\u00e3o isoladamente.<\/p>\n<p>J\u00e1 o <strong>Fala Brasil<\/strong>, que passou a ser exibido das 8h30 \u00e0s 9h35 como resposta \u00e0s movimenta\u00e7\u00f5es da rival, det\u00e9m m\u00e9dia de 3,7 pontos em setembro, ante 1,5 do SBT &#8211; confronto que praticamente replica os n\u00fameros de agosto, 3,7 x 1,4. O notici\u00e1rio de <a href=\"https:\/\/natelinha.uol.com.br\/famosos\/tudo-sobre\/paloma-poeta\" rel=\"nofollow noopener\" target=\"_blank\">Paloma Poeta<\/a> e Luiz Fara Monteiro est\u00e1 na vice-lideran\u00e7a isolada desde fevereiro de 2023.<\/p>\n<p>continua depois da publicidade<\/p>\n<p>Passa a r\u00e9gua<\/p>\n<p>A <a href=\"https:\/\/natelinha.uol.com.br\/televisao\/emissoras\/record\" rel=\"nofollow noopener\" target=\"_blank\">Record<\/a> tamb\u00e9m conseguiu um feito com essas mudan\u00e7as provocadas pelo SBT. Tanto em agosto (2,2 x 2,0) quanto na parcial de setembro (2,6 x 2,1), a emissora garantiu a segunda coloca\u00e7\u00e3o na faixa que vai das 5h \u00e0s 9h35.<\/p>\n<p>H\u00e1 vagas<\/p>\n<p>Com Rodolpho Schneider na Dire\u00e7\u00e3o Geral de Jornalismo, em substitui\u00e7\u00e3o a Fernando Mitre, a <a href=\"https:\/\/natelinha.uol.com.br\/televisao\/emissoras\/band\" rel=\"nofollow noopener\" target=\"_blank\">Band<\/a> ter\u00e1 que buscar nomes para Dire\u00e7\u00e3o Executiva do setor e para a Dire\u00e7\u00e3o de Conte\u00fado, ambas ocupadas por Schneider no momento. O canal, a prop\u00f3sito, segue sem diretor de Programa\u00e7\u00e3o.<\/p>\n<p>Gato no telhado<\/p>\n<p><img decoding=\"async\" loading=\"lazy\" class=\"horizontal\" src=\"https:\/\/www.europesays.com\/pt\/wp-content\/uploads\/2025\/09\/tais-araujo_9446.jpeg\" alt=\"Palha\u00e7ada do SBT custa caro e jornais da Record disparam na vice-lideran\u00e7a\"\/><\/p>\n<p>Para o seguidor de <a href=\"https:\/\/natelinha.uol.com.br\/famosos\/tudo-sobre\/manuela-dias\" rel=\"nofollow noopener\" target=\"_blank\">Manuela Dias<\/a>\u00a0mais desavisado, o remake de Vale Tudo n\u00e3o \u00e9 protagonizado por <a href=\"https:\/\/natelinha.uol.com.br\/famosos\/tudo-sobre\/tais-araujo\" rel=\"nofollow noopener\" target=\"_blank\">Ta\u00eds Araujo<\/a>. A autora n\u00e3o faz quest\u00e3o alguma de\u00a0disfar\u00e7ar que a atriz est\u00e1 escanteada, seja no Instagram, seja na novela. No fim das contas,\u00a0h\u00e1 coisas que\u00a0s\u00e3o livramento.<\/p>\n<p>continua depois da publicidade<\/p>\n<p>Va bene!<\/p>\n<p>Ap\u00f3s uma passagem turbulenta pelo Vale a Pena Ver de Novo em 2004, <a href=\"https:\/\/natelinha.uol.com.br\/novelas\/terra-nostra\" rel=\"nofollow noopener\" target=\"_blank\">Terra Nostra<\/a> tem performado bem na Edi\u00e7\u00e3o Especial. S\u00e3o, at\u00e9 aqui, 11,8 pontos de m\u00e9dia parcial na Grande S\u00e3o Paulo, n\u00famero que a coloca acima de suas \u00faltimas tr\u00eas antecessoras.<\/p>\n<p>Falta enterrar<\/p>\n<p>O Aqui Agora, recentemente reduzido a 50 minutos de dura\u00e7\u00e3o (17h40\/18h30), assegurou apenas 2,7 pontos de m\u00e9dia entre segunda (22) e quinta (25) da semana passada em S\u00e3o Paulo. No SBT, a torcida contra o policialesco s\u00f3 aumenta.<\/p>\n<p>L\u00e1 vem o Chaves<\/p>\n<p>O seriado Chaves, agora restrito \u00e0s manh\u00e3s de domingo (8h30\/9h), entrou em aquecimento mais uma vez. Se nada mudar, a produ\u00e7\u00e3o mexicana morder\u00e1 um peda\u00e7o do hor\u00e1rio do SBT Not\u00edcias &#8211; 1\u00aa Edi\u00e7\u00e3o, aos s\u00e1bados.<\/p>\n<p>continua depois da publicidade<\/p>\n<p>Cronograma<\/p>\n<p>A Vida de J\u00f3 chega ao fim em 10 de outubro. No dia 13, a faixa das 21h da Record passa a ser ocupada por mais uma produ\u00e7\u00e3o b\u00edblica, O Senhor e a Serva. O retorno das turcas, dessa vez com o fen\u00f4meno M\u00e3e, s\u00f3 acontecer\u00e1 no final do m\u00eas, mais precisamente no dia 27.<\/p>\n<p>Tiro certo<\/p>\n<p>A <a href=\"https:\/\/natelinha.uol.com.br\/televisao\/emissoras\/tv-gazeta\" rel=\"nofollow noopener\" target=\"_blank\">TV Gazeta<\/a> de S\u00e3o Paulo passa a contar com os servi\u00e7os de Jos\u00e9 Em\u00edlio Ambr\u00f3sio a partir da pr\u00f3xima semana. O executivo responder\u00e1 pela Dire\u00e7\u00e3o de Jornalismo e Esporte do canal. Foi com o Z\u00e9 que a RedeTV! viveu o seu melhor momento na \u00e1rea.<\/p>\n","protected":false},"excerpt":{"rendered":"Lan\u00e7ada em 26 de maio, a nova vers\u00e3o do Bom Dia &amp; Cia, agora com os palha\u00e7os Patati&hellip;\n","protected":false},"author":2,"featured_media":91418,"comment_status":"","ping_status":"","sticky":false,"template":"","format":"standard","meta":{"footnotes":""},"categories":[142],"tags":[1391,114,115,753,2538,32,33,2568,936,5456,7312,151,16330],"class_list":{"0":"post-91417","1":"post","2":"type-post","3":"status-publish","4":"format-standard","5":"has-post-thumbnail","7":"category-tv","8":"tag-band","9":"tag-entertainment","10":"tag-entretenimento","11":"tag-globo","12":"tag-manuela-dias","13":"tag-portugal","14":"tag-pt","15":"tag-record","16":"tag-sbt","17":"tag-tais-araujo","18":"tag-terra-nostra","19":"tag-tv","20":"tag-tv-gazeta"},"share_on_mastodon":{"url":"","error":""},"_links":{"self":[{"href":"https:\/\/www.europesays.com\/pt\/wp-json\/wp\/v2\/posts\/91417","targetHints":{"allow":["GET"]}}],"collection":[{"href":"https:\/\/www.europesays.com\/pt\/wp-json\/wp\/v2\/posts"}],"about":[{"href":"https:\/\/www.europesays.com\/pt\/wp-json\/wp\/v2\/types\/post"}],"author":[{"embeddable":true,"href":"https:\/\/www.europesays.com\/pt\/wp-json\/wp\/v2\/users\/2"}],"replies":[{"embeddable":true,"href":"https:\/\/www.europesays.com\/pt\/wp-json\/wp\/v2\/comments?post=91417"}],"version-history":[{"count":0,"href":"https:\/\/www.europesays.com\/pt\/wp-json\/wp\/v2\/posts\/91417\/revisions"}],"wp:featuredmedia":[{"embeddable":true,"href":"https:\/\/www.europesays.com\/pt\/wp-json\/wp\/v2\/media\/91418"}],"wp:attachment":[{"href":"https:\/\/www.europesays.com\/pt\/wp-json\/wp\/v2\/media?parent=91417"}],"wp:term":[{"taxonomy":"category","embeddable":true,"href":"https:\/\/www.europesays.com\/pt\/wp-json\/wp\/v2\/categories?post=91417"},{"taxonomy":"post_tag","embeddable":true,"href":"https:\/\/www.europesays.com\/pt\/wp-json\/wp\/v2\/tags?post=91417"}],"curies":[{"name":"wp","href":"https:\/\/api.w.org\/{rel}","templated":true}]}}