{"id":91419,"date":"2025-09-29T11:59:12","date_gmt":"2025-09-29T11:59:12","guid":{"rendered":"https:\/\/www.europesays.com\/pt\/91419\/"},"modified":"2025-09-29T11:59:12","modified_gmt":"2025-09-29T11:59:12","slug":"paul-bettany-revela-que-vision-quest-sera-sobre-traumas-intergeracionais","status":"publish","type":"post","link":"https:\/\/www.europesays.com\/pt\/91419\/","title":{"rendered":"Paul Bettany revela que &#8216;Vision Quest&#8217; ser\u00e1 sobre TRAUMAS intergeracionais"},"content":{"rendered":"<p><strong><a href=\"https:\/\/cinepop.com.br\/tag\/paul-bettany\/\" title=\"Paul Bettany\" rel=\"nofollow noopener\" target=\"_blank\">Paul Bettany<\/a><\/strong> ir\u00e1 reprisar seu papel como o androide titular na vindoura s\u00e9rie <strong>\u2018V<\/strong><strong>ision Quest\u2019<\/strong>, da <strong>Marvel Television<\/strong> e do\u00a0<strong>Disney+<\/strong>, e, em uma recente apari\u00e7\u00e3o na Los Angeles Comic Con, o ator falou sobre o programa.<\/p>\n<p>Durante o evento, Bettany trouxe alguns detalhes vagos sobre o tema principal que ir\u00e1 permear a narrativa.<\/p>\n<p>\u201c\u00c9 sobre trauma intergeracional\u2026 Pais e filhos e nega\u00e7\u00e3o da dor e nega\u00e7\u00e3o da sua pr\u00f3pria verdade e chegar a um acordo com quem e o que voc\u00ea \u00e9\u201d, ele disse.<\/p>\n<p>Vale lembrar que, al\u00e9m de Bettany, a s\u00e9rie contar\u00e1 com\u00a0<strong><a href=\"https:\/\/cinepop.com.br\/tag\/todd-stashwick\/\" title=\"Todd Stashwick\" rel=\"nofollow noopener\" target=\"_blank\">Todd Stashwick<\/a><\/strong> como Paladino, enquanto\u00a0<strong>Kerry Condon<\/strong> ser\u00e1 F.R.I.D.A.Y. e\u00a0<strong>Emily Hampshire<\/strong> como E.D.I.T.H.<\/p>\n<p>Para quem n\u00e3o conhece, o Paladino foi criado pelo roteirista <strong>Jim Shooter<\/strong> e pelo artista <strong>Carmine Infantino<\/strong>, tendo aparecido pela primeira vez em Demolidor #150. Embora n\u00e3o seja exatamente um supervil\u00e3o, suas atividades como mercen\u00e1rio frequentemente o colocam em conflito com personagens como o Homem-Aranha e o Justiceiro. F.R.I.D.A.Y., por sua vez, \u00e9 a intelig\u00eancia artificial que integra o traje do <a href=\"https:\/\/cinepop.com.br\/tag\/homem-de-ferro\/\" title=\"Homem de Ferro\" rel=\"nofollow noopener\" target=\"_blank\">Homem de Ferro<\/a>. E.D.I.T.H. (Even Dead, I\u2019m The Hero; At\u00e9 Mesmo Morto, Sou o Her\u00f3i, em tradu\u00e7\u00e3o livre) \u00e9 um sistema de seguran\u00e7a e defesa criado por <strong>Tony Stark<\/strong>.<\/p>\n<p><img fetchpriority=\"high\" decoding=\"async\" src=\"https:\/\/www.europesays.com\/pt\/wp-content\/uploads\/2025\/09\/visao-branco-Marvel-1-1024x551.jpg\" alt=\"\" width=\"696\" height=\"375\"  \/><\/p>\n<p>A s\u00e9rie passou por uma reformula\u00e7\u00e3o, com <strong>Terry Matalas<\/strong> (produtor executivo de <strong>\u2018Star Trek: Picard\u2019<\/strong>) assumindo o cargo de showrunner.<\/p>\n<p><strong>James Spader<\/strong>\u00a0est\u00e1 cotado para reprisar o papel de Ultron (ainda n\u00e3o se sabe se em forma rob\u00f3tica ou humana). O elenco tamb\u00e9m conta com <strong>T\u2019Nia Miller<\/strong>, <strong><a href=\"https:\/\/cinepop.com.br\/tag\/faran-tahir\/\" title=\"Faran Tahir\" rel=\"nofollow noopener\" target=\"_blank\">Faran Tahir<\/a><\/strong>, <strong><a href=\"https:\/\/cinepop.com.br\/tag\/todd-stashwick\/\" title=\"Todd Stashwick\" rel=\"nofollow noopener\" target=\"_blank\">Todd Stashwick<\/a><\/strong> e <strong>Ruaridh Mollica<\/strong>.<\/p>\n<p>A trama da nova s\u00e9rie deve se passar ap\u00f3s os eventos de <strong>\u2018<a href=\"https:\/\/cinepop.com.br\/tag\/wandavision\/\" title=\"WandaVision\" rel=\"nofollow noopener\" target=\"_blank\">WandaVision<\/a>\u2019<\/strong> e acompanhar\u00e1 <a href=\"https:\/\/cinepop.com.br\/tag\/visao\/\" title=\"Vis\u00e3o\" rel=\"nofollow noopener\" target=\"_blank\">Vis\u00e3o<\/a> em sua jornada para recuperar a mem\u00f3ria e a humanidade.<\/p>\n<p>A s\u00e9rie tem previs\u00e3o de estreia no Disney+ no pr\u00f3ximo ano.<\/p>\n<p><img loading=\"lazy\" decoding=\"async\" class=\"alignnone wp-image-170806 size-full\" src=\"https:\/\/cinepop.com.br\/wp-content\/uploads\/2018\/03\/vis\u00e3ovingadores-1.jpg\" alt=\"\" width=\"801\" height=\"534\"  \/><\/p>\n","protected":false},"excerpt":{"rendered":"Paul Bettany ir\u00e1 reprisar seu papel como o androide titular na vindoura s\u00e9rie \u2018Vision Quest\u2019, da Marvel Television&hellip;\n","protected":false},"author":2,"featured_media":91420,"comment_status":"","ping_status":"","sticky":false,"template":"","format":"standard","meta":{"footnotes":""},"categories":[140],"tags":[22840,114,115,22841,147,148,9473,12733,11189,146,22842,22843,32,33,22844,13310,4101,21809],"class_list":{"0":"post-91419","1":"post","2":"type-post","3":"status-publish","4":"format-standard","5":"has-post-thumbnail","7":"category-filmes","8":"tag-agatha-desde-sempre","9":"tag-entertainment","10":"tag-entretenimento","11":"tag-faran-tahir","12":"tag-film","13":"tag-filmes","14":"tag-homem-de-ferro","15":"tag-marvel-studios","16":"tag-mcu","17":"tag-movies","18":"tag-orla-brady","19":"tag-paul-bettany","20":"tag-portugal","21":"tag-pt","22":"tag-todd-stashwick","23":"tag-universo-cinematico-marvel","24":"tag-visao","25":"tag-wandavision"},"share_on_mastodon":{"url":"","error":""},"_links":{"self":[{"href":"https:\/\/www.europesays.com\/pt\/wp-json\/wp\/v2\/posts\/91419","targetHints":{"allow":["GET"]}}],"collection":[{"href":"https:\/\/www.europesays.com\/pt\/wp-json\/wp\/v2\/posts"}],"about":[{"href":"https:\/\/www.europesays.com\/pt\/wp-json\/wp\/v2\/types\/post"}],"author":[{"embeddable":true,"href":"https:\/\/www.europesays.com\/pt\/wp-json\/wp\/v2\/users\/2"}],"replies":[{"embeddable":true,"href":"https:\/\/www.europesays.com\/pt\/wp-json\/wp\/v2\/comments?post=91419"}],"version-history":[{"count":0,"href":"https:\/\/www.europesays.com\/pt\/wp-json\/wp\/v2\/posts\/91419\/revisions"}],"wp:featuredmedia":[{"embeddable":true,"href":"https:\/\/www.europesays.com\/pt\/wp-json\/wp\/v2\/media\/91420"}],"wp:attachment":[{"href":"https:\/\/www.europesays.com\/pt\/wp-json\/wp\/v2\/media?parent=91419"}],"wp:term":[{"taxonomy":"category","embeddable":true,"href":"https:\/\/www.europesays.com\/pt\/wp-json\/wp\/v2\/categories?post=91419"},{"taxonomy":"post_tag","embeddable":true,"href":"https:\/\/www.europesays.com\/pt\/wp-json\/wp\/v2\/tags?post=91419"}],"curies":[{"name":"wp","href":"https:\/\/api.w.org\/{rel}","templated":true}]}}