{"id":91425,"date":"2025-09-29T12:03:14","date_gmt":"2025-09-29T12:03:14","guid":{"rendered":"https:\/\/www.europesays.com\/pt\/91425\/"},"modified":"2025-09-29T12:03:14","modified_gmt":"2025-09-29T12:03:14","slug":"secret-story-este-e-o-homem-que-conquistou-o-coracao-de-bruna-basto","status":"publish","type":"post","link":"https:\/\/www.europesays.com\/pt\/91425\/","title":{"rendered":"&#8220;Secret Story&#8221;: este \u00e9 o homem que conquistou o cora\u00e7\u00e3o de Bruna Basto!"},"content":{"rendered":"<p>Foi no passado domingo, dia 14, que <a href=\"https:\/\/selfie.iol.pt\/famosos\/casa-dos-segredos\/sim-esta-mulher-e-a-bruna-de-secret-story-veja-como-esta-irreconhecivel-antes-do-reality-show-da-tvi\/20250927\/68d7ac8fd34e58bc67963fcd\" target=\"_blank\" rel=\"nofollow noopener\">Bruna Basto<\/a> se tornou conhecida dos portugueses, <a href=\"https:\/\/selfie.iol.pt\/famosos\/casa-dos-segredos\/secret-story-ja-arrancou-conheca-todos-os-concorrentes-da-casa-dos-segredos\/20250914\/68c72c4fd34ee0c2fed0157d\" id=\"OWA55254318-f04b-90e4-1d4c-00d3f285abb5\" target=\"_blank\" rel=\"nofollow noopener\">ao entrar na casa de &#8220;Secret Story&#8221;.<\/a><\/p>\n<p>No entanto, antes de ser famosa, a concorrente do reality show\u00a0da <a href=\"https:\/\/tvi.iol.pt\/\" id=\"OWA5b7488c8-f20d-5714-edf1-739870242d28\" target=\"_blank\" rel=\"nofollow noopener\">TVI<\/a>\u00a0j\u00e1 tinha uma participa\u00e7\u00e3o ativa nas redes sociais, partilhando registos do dia a dia, atrav\u00e9s do Instagram.<\/p>\n<p>Em algumas dessas imagens, Bruna Basto mostra-se apaixonada pela respetiva &#8220;alma g\u00e9mea&#8221;, com quem j\u00e1 mant\u00e9m um relacionamento h\u00e1 seis anos.\u00a0<\/p>\n<p>Veja, agora, as imagens partilhadas por Bruna Basto, na galeria de fotografias que prepar\u00e1mos para si.<\/p>\n","protected":false},"excerpt":{"rendered":"Foi no passado domingo, dia 14, que Bruna Basto se tornou conhecida dos portugueses, ao entrar na casa&hellip;\n","protected":false},"author":2,"featured_media":91426,"comment_status":"","ping_status":"","sticky":false,"template":"","format":"standard","meta":{"footnotes":""},"categories":[85],"tags":[22807,2632,114,115,980,1015,619,32,33,1014,1315,1012,162],"class_list":{"0":"post-91425","1":"post","2":"type-post","3":"status-publish","4":"format-standard","5":"has-post-thumbnail","7":"category-entretenimento","8":"tag-bruna-basto","9":"tag-casa-dos-segredos","10":"tag-entertainment","11":"tag-entretenimento","12":"tag-famosos","13":"tag-instagram","14":"tag-nacional","15":"tag-portugal","16":"tag-pt","17":"tag-reality-show","18":"tag-secret-story","19":"tag-selfie","20":"tag-tvi"},"share_on_mastodon":{"url":"","error":""},"_links":{"self":[{"href":"https:\/\/www.europesays.com\/pt\/wp-json\/wp\/v2\/posts\/91425","targetHints":{"allow":["GET"]}}],"collection":[{"href":"https:\/\/www.europesays.com\/pt\/wp-json\/wp\/v2\/posts"}],"about":[{"href":"https:\/\/www.europesays.com\/pt\/wp-json\/wp\/v2\/types\/post"}],"author":[{"embeddable":true,"href":"https:\/\/www.europesays.com\/pt\/wp-json\/wp\/v2\/users\/2"}],"replies":[{"embeddable":true,"href":"https:\/\/www.europesays.com\/pt\/wp-json\/wp\/v2\/comments?post=91425"}],"version-history":[{"count":0,"href":"https:\/\/www.europesays.com\/pt\/wp-json\/wp\/v2\/posts\/91425\/revisions"}],"wp:featuredmedia":[{"embeddable":true,"href":"https:\/\/www.europesays.com\/pt\/wp-json\/wp\/v2\/media\/91426"}],"wp:attachment":[{"href":"https:\/\/www.europesays.com\/pt\/wp-json\/wp\/v2\/media?parent=91425"}],"wp:term":[{"taxonomy":"category","embeddable":true,"href":"https:\/\/www.europesays.com\/pt\/wp-json\/wp\/v2\/categories?post=91425"},{"taxonomy":"post_tag","embeddable":true,"href":"https:\/\/www.europesays.com\/pt\/wp-json\/wp\/v2\/tags?post=91425"}],"curies":[{"name":"wp","href":"https:\/\/api.w.org\/{rel}","templated":true}]}}