{"id":91431,"date":"2025-09-29T12:08:13","date_gmt":"2025-09-29T12:08:13","guid":{"rendered":"https:\/\/www.europesays.com\/pt\/91431\/"},"modified":"2025-09-29T12:08:13","modified_gmt":"2025-09-29T12:08:13","slug":"lufthansa-anuncia-eliminacao-de-4000-postos-de-trabalho-ate-2030-jornal-de-noticias","status":"publish","type":"post","link":"https:\/\/www.europesays.com\/pt\/91431\/","title":{"rendered":"Lufthansa anuncia elimina\u00e7\u00e3o de 4000 postos de trabalho at\u00e9 2030 &#8211; Jornal de Not\u00edcias"},"content":{"rendered":"<ol>\n<li><a href=\"https:\/\/news.google.com\/rss\/articles\/CBMiqwFBVV95cUxPbUdOSzM0WmZhNXQySEw3Y0NLVEx1ZF90N3FUV2RQbTRZdkVVT05IOUxqV0doWHlfNlJlekV6S2U0dUptaVZGQ1BEQXhYbTZtTnZvUXRsYTh4TnNoVmxISlNvdDh2SjdZbVBRc1k0VWNMYTVqRzFjU2FMTzhxNDRha3RfeXdUSlE3ZGx0MndtZXhnVG5LTGRPVzBGNlprbnYtc1ltZ2F6R1pZOU0?oc=5\" target=\"_blank\" rel=\"nofollow noopener\">Lufthansa anuncia elimina\u00e7\u00e3o de 4000 postos de trabalho at\u00e9 2030<\/a>&nbsp;&nbsp;Jornal de Not\u00edcias<\/li>\n<li><a href=\"https:\/\/news.google.com\/rss\/articles\/CBMiyAFBVV95cUxQXzhjM080b29ra1JfdlN6YWJ3c1pCTDg2UjJMbm14bDlvQ3daUmx0a09FRGRkdmkxeVI5ZGdxQ2QyMXVhb2YzcjN5NVZ4bkE2MXgyaXdXbGFwdE9HR2ZPMVFFLTFrNENRcnlGY1lFM0pnQlBOZTdlWnlrRzZudFNkM3BQc3NRUG40REMteTNrdUc0clBoR2xTa0ttM2lMeDYybi1oM3BzUmhrWWhZYUJvcTNGampxYlBjV0FraFZHVVd4ZHlSSXFwYQ?oc=5\" target=\"_blank\" rel=\"nofollow noopener\">Lufthansa anuncia corte de 4 mil cargos administrativos<\/a>&nbsp;&nbsp;UOL Not\u00edcias<\/li>\n<li><a href=\"https:\/\/news.google.com\/rss\/articles\/CBMiywFBVV95cUxPWVkwTzJMZUpSRGZ6U2xFT3VMR3FmMnBwaWVDVDM2Tm5rVEM2YVNtc3FmZGhZY3N2WGFYZXg0cko4cHRtc1dxTlU4MVByUk1ya3NEcXh2bnVrbE1EdElvaVRnMU9QS21GVjFpT3pkWl9WaHBqSFVwa2xHLTRCN0ZIQjhtcUhtcDNfSTB2MFJ5MVI4aEJGZlRtenpUYjBSS2NEeEZhRWFpWnprcWdJQ1lCcEJfcmRra2UxSlpWLTJaWHhiZzlvTm9jaGl4QdIB0AFBVV95cUxOYkxmdkR3LVBBYUJFaE03em5rRHltcHBWdVRYRndvcFFxZWMwSXBZSFYxaTdpT285VGpuZk9LeTdhNzZ6ODhEZG9hTUhGZDdwX3IxcE1iSFd1WjNMNDZZVU5TT2UtbF84aXA1UnJTRVppcEU2c1RrY0lkQzNDRGFjMVM4V29yMlNENEkzSldPNC1xNVJUM3VQcUVUS3N5bklQak9WUmUzWU9Wc1BVZHpodVVBTHpaX1pJSEhrYlpaRXEtLTI3aVFrNUs1V281WmNn?oc=5\" target=\"_blank\" rel=\"nofollow noopener\">Companhia a\u00e9rea planeja cortar 4 mil empregos at\u00e9 2030 com avan\u00e7o da IA<\/a>&nbsp;&nbsp;O Dia<\/li>\n<li><a href=\"https:\/\/news.google.com\/rss\/articles\/CBMizAFBVV95cUxQSEd5TGJ0aUNiQ3Z3c3dlSTFuQl9lUk9UVW40VUxoWUIycDVpTngyMXdDcVhUMlpsTGZ3Qk95NEswZnpEaDJrLTZqN2h4VVhSWlItNVhja1p4X3c0WkdZYmplbTY5NTJKWTgxd0lydk1ZVzhDTFBTeVlxbGVvWWVTQkZRRGRSUEFBUkxNNnc1MHhUMVo1eVpHUjJKSDBQdVNsLUpBUkNEQmE2VU0tVXRnV0xQMDVoMEp6YVB0YllTaUZoNFpBRDlJYm5sM0s?oc=5\" target=\"_blank\" rel=\"nofollow noopener\">Lufthansa estabelece novas metas de longo prazo antes do Capital Markets Day<\/a>&nbsp;&nbsp;Investing.com Brasil &#8211; Finan\u00e7as, C\u00e2mbio e Investimentos<\/li>\n<li><a href=\"https:\/\/news.google.com\/rss\/articles\/CBMirAFBVV95cUxNVGs5cGJsTENUOVBpZlRHWTlhVjFlZV9FSS1OTl9zdTdiU1Q2a1J3NlMtZmkzYVJ5UkZ0N2Zlb2JrNlZWVEtBcDhOUFRkNEZaOXhIWTdaNTNPZjlDSFFRTFh4bDYxY09QTTZaS2Z2TF9MX1VkX0RsX1RqdXFuSERTRE9HWTlHYzVtN1Y5eTFQWVgxUTVyS1hmMkh5YWgxTkNwVERlZFVRQlZZOW5R0gGsAUFVX3lxTE1UazlwYmxMQ1Q5UGlmVEdZOWFWMWVlX0VJLU5OX3N1N2JTVDZrUnc2Uy1maTNhUnlSRnQ3ZmVvYms2VlZUS0FwOE5QVGQ0Rlo5eEhZN1o1M09mOUNIUVFMWHhsNjFjT1BNNlpLZnZMX0xfVWRfRGxfVGp1cW5IRFNET0dZOUdjNW03Vjl5MVBZWDFRNXJLWGYySHlhaDFOQ3BURGVkVVFCVlk5blE?oc=5\" target=\"_blank\" rel=\"nofollow noopener\">Enquanto celebra centen\u00e1rio, Lufthansa dever\u00e1 fazer demiss\u00e3o em massa para reduzir custos<\/a>&nbsp;&nbsp;AEROIN<\/li>\n<\/ol>\n","protected":false},"excerpt":{"rendered":"Lufthansa anuncia elimina\u00e7\u00e3o de 4000 postos de trabalho at\u00e9 2030&nbsp;&nbsp;Jornal de Not\u00edcias Lufthansa anuncia corte de 4 mil&hellip;\n","protected":false},"author":2,"featured_media":91432,"comment_status":"","ping_status":"","sticky":false,"template":"","format":"standard","meta":{"footnotes":""},"categories":[8],"tags":[27,28,476,15,16,14,25,26,19568,21,22,12,13,19,20,32,23,24,33,17,18,29,30,31],"class_list":{"0":"post-91431","1":"post","2":"type-post","3":"status-publish","4":"format-standard","5":"has-post-thumbnail","7":"category-principais-noticias","8":"tag-breaking-news","9":"tag-breakingnews","10":"tag-economia","11":"tag-featured-news","12":"tag-featurednews","13":"tag-headlines","14":"tag-latest-news","15":"tag-latestnews","16":"tag-lufthansa","17":"tag-main-news","18":"tag-mainnews","19":"tag-news","20":"tag-noticias","21":"tag-noticias-principais","22":"tag-noticiasprincipais","23":"tag-portugal","24":"tag-principais-noticias","25":"tag-principaisnoticias","26":"tag-pt","27":"tag-top-stories","28":"tag-topstories","29":"tag-ultimas","30":"tag-ultimas-noticias","31":"tag-ultimasnoticias"},"share_on_mastodon":{"url":"","error":""},"_links":{"self":[{"href":"https:\/\/www.europesays.com\/pt\/wp-json\/wp\/v2\/posts\/91431","targetHints":{"allow":["GET"]}}],"collection":[{"href":"https:\/\/www.europesays.com\/pt\/wp-json\/wp\/v2\/posts"}],"about":[{"href":"https:\/\/www.europesays.com\/pt\/wp-json\/wp\/v2\/types\/post"}],"author":[{"embeddable":true,"href":"https:\/\/www.europesays.com\/pt\/wp-json\/wp\/v2\/users\/2"}],"replies":[{"embeddable":true,"href":"https:\/\/www.europesays.com\/pt\/wp-json\/wp\/v2\/comments?post=91431"}],"version-history":[{"count":0,"href":"https:\/\/www.europesays.com\/pt\/wp-json\/wp\/v2\/posts\/91431\/revisions"}],"wp:featuredmedia":[{"embeddable":true,"href":"https:\/\/www.europesays.com\/pt\/wp-json\/wp\/v2\/media\/91432"}],"wp:attachment":[{"href":"https:\/\/www.europesays.com\/pt\/wp-json\/wp\/v2\/media?parent=91431"}],"wp:term":[{"taxonomy":"category","embeddable":true,"href":"https:\/\/www.europesays.com\/pt\/wp-json\/wp\/v2\/categories?post=91431"},{"taxonomy":"post_tag","embeddable":true,"href":"https:\/\/www.europesays.com\/pt\/wp-json\/wp\/v2\/tags?post=91431"}],"curies":[{"name":"wp","href":"https:\/\/api.w.org\/{rel}","templated":true}]}}