{"id":91449,"date":"2025-09-29T12:19:17","date_gmt":"2025-09-29T12:19:17","guid":{"rendered":"https:\/\/www.europesays.com\/pt\/91449\/"},"modified":"2025-09-29T12:19:17","modified_gmt":"2025-09-29T12:19:17","slug":"marca-vende-mais-carros-eletricos-na-europa-lista-surpreendente","status":"publish","type":"post","link":"https:\/\/www.europesays.com\/pt\/91449\/","title":{"rendered":"Marca vende mais carros el\u00e9tricos na Europa? Lista surpreendente"},"content":{"rendered":"<p>Depois de muitos meses complicados, o mercado de ve\u00edculos el\u00e9tricos na Europa parece estar a recuperar a um ritmo elevado. Isso volta a ser demonstrado em agosto de 2025 com um novo crescimento. A Volkswagen consolidou a sua posi\u00e7\u00e3o de lideran\u00e7a, enquanto a Tesla regressou ao segundo lugar, ainda que com uma not\u00e1vel quebra.<\/p>\n<p><a target=\"_blank\" href=\"https:\/\/pplware.sapo.pt\/wp-content\/uploads\/2025\/09\/carregar_eletrico_1.jpg\" onclick=\"refreshIframe()\" class=\"foobox\" rel=\"nofollow noopener\"><img fetchpriority=\"high\" decoding=\"async\" src=\"https:\/\/www.europesays.com\/pt\/wp-content\/uploads\/2025\/09\/carregar_eletrico_1-1024x576.jpg\" alt=\"marca carros el\u00e9tricos vende Europa\" width=\"720\" height=\"405\" class=\"aligncenter size-large wp-image-1080917\"  \/><\/a>\n<\/p>\n<p>Que marca vende mais carros el\u00e9tricos na Europa?<\/p>\n<p>O mercado de carros el\u00e9tricos na Europa voltou a acelerar em agosto de 2025, mostrando que os consumidores continuam a apostar na mobilidade el\u00e9trica. As vendas cresceram quase 27% em rela\u00e7\u00e3o ao ano passado, com um total de 159.810 novos ve\u00edculos a chegar \u00e0s estradas.<\/p>\n<p>No centro desta corrida, <strong>a Volkswagen assume a lideran\u00e7a de forma clara<\/strong>. A marca alem\u00e3 vendeu 16.105 unidades, um salto impressionante de 45% que a coloca confortavelmente no primeiro lugar. Este resultado mostra a for\u00e7a da sua gama de modelos ID no mercado europeu.<\/p>\n<p>A grande surpresa do m\u00eas foi o <strong>regresso da Tesla ao p\u00f3dio<\/strong>. Depois de alguns meses afastada dos lugares cimeiros, a marca de Elon Musk garantiu a segunda posi\u00e7\u00e3o com 14.245 carros vendidos. No entanto, nem tudo s\u00e3o boas not\u00edcias para a fabricante americana. Foi a \u00fanica marca no top 10 a registar uma quebra, com uma perda de 23% nas vendas face a agosto de 2024.<\/p>\n<tr\/>\n<tr>\nMarca<br \/>\nVendas de agosto<br \/>\nVaria\u00e7\u00e3o 2024\/2025<br \/>\n<\/tr>\n<tr>\n<td>Volkswagen<\/td>\n<td>16.105 unidades<\/td>\n<td>45%<\/td>\n<\/tr>\n<tr>\n<td>Tesla<\/td>\n<td>14 245 unidades<\/td>\n<td><strong>-23%<\/strong><\/td>\n<\/tr>\n<tr>\n<td>BMW<\/td>\n<td>12.546 unidades<\/td>\n<td>7%<\/td>\n<\/tr>\n<tr>\n<td>Skoda<\/td>\n<td>11.223 unidades<\/td>\n<td>82%<\/td>\n<\/tr>\n<tr>\n<td>Audi<\/td>\n<td>9.564 unidades<\/td>\n<td>54%<\/td>\n<\/tr>\n<tr>\n<td>Hyundai<\/td>\n<td>8.229 unidades<\/td>\n<td>85%<\/td>\n<\/tr>\n<tr>\n<td>Mercedes-Benz<\/td>\n<td>8.207 unidades<\/td>\n<td>7%<\/td>\n<\/tr>\n<tr>\n<td>Renault<\/td>\n<td>7.501 unidades<\/td>\n<td>86%<\/td>\n<\/tr>\n<tr>\n<td>Ford<\/td>\n<td>6.619 unidades<\/td>\n<td>123%<\/td>\n<\/tr>\n<tr>\n<td>BYD<\/td>\n<td>6.465 unidades<\/td>\n<td>118%<\/td>\n<\/tr>\n<p>Lista de agosto surpreendente pela positiva<\/p>\n<p>A fechar o p\u00f3dio, <strong>a BMW manteve uma trajet\u00f3ria de crescimento est\u00e1vel<\/strong>, com um aumento de 7% nas vendas, que totalizaram 12.546 unidades. Contudo, os movimentos mais significativos ocorreram nas posi\u00e7\u00f5es seguintes, demonstrando a crescente competitividade e a ascens\u00e3o de novas for\u00e7as no mercado el\u00e9trico.<\/p>\n<p>A <strong>Skoda quase roubou o lugar \u00e0 BMW<\/strong>, com um crescimento explosivo de 82%, alcan\u00e7ando 11.223 matr\u00edculas. Tamb\u00e9m a Hyundai (+85%) e a Renault (+86%) registaram aumentos espetaculares, provando que a concorr\u00eancia no setor dos el\u00e9tricos est\u00e1 mais acesa do que nunca.<\/p>\n<p>Estes <a target=\"_blank\" href=\"http:\/\/acea.auto\/pc-registrations\/new-car-registrations-0-1-in-august-2025-year-to-date-battery-electric-15-8-market-share\/\" rel=\"nofollow noopener\">dados<\/a>, compilados pela consultora DataForce, mostram um mercado din\u00e2mico e em r\u00e1pida mudan\u00e7a, onde marcas como <strong>a BYD e a Ford tamb\u00e9m registaram crescimentos superiores a 100%<\/strong>. A corrida pela lideran\u00e7a dos carros el\u00e9tricos na Europa est\u00e1, sem d\u00favida, ao rubro.<\/p>\n","protected":false},"excerpt":{"rendered":"Depois de muitos meses complicados, o mercado de ve\u00edculos el\u00e9tricos na Europa parece estar a recuperar a um&hellip;\n","protected":false},"author":2,"featured_media":91450,"comment_status":"","ping_status":"","sticky":false,"template":"","format":"standard","meta":{"footnotes":""},"categories":[83],"tags":[88,2637,89,428,90,445,595,32,33,22847],"class_list":{"0":"post-91449","1":"post","2":"type-post","3":"status-publish","4":"format-standard","5":"has-post-thumbnail","7":"category-empresas","8":"tag-business","9":"tag-carros","10":"tag-economy","11":"tag-eletricos","12":"tag-empresas","13":"tag-europa","14":"tag-marca","15":"tag-portugal","16":"tag-pt","17":"tag-vende"},"share_on_mastodon":{"url":"","error":""},"_links":{"self":[{"href":"https:\/\/www.europesays.com\/pt\/wp-json\/wp\/v2\/posts\/91449","targetHints":{"allow":["GET"]}}],"collection":[{"href":"https:\/\/www.europesays.com\/pt\/wp-json\/wp\/v2\/posts"}],"about":[{"href":"https:\/\/www.europesays.com\/pt\/wp-json\/wp\/v2\/types\/post"}],"author":[{"embeddable":true,"href":"https:\/\/www.europesays.com\/pt\/wp-json\/wp\/v2\/users\/2"}],"replies":[{"embeddable":true,"href":"https:\/\/www.europesays.com\/pt\/wp-json\/wp\/v2\/comments?post=91449"}],"version-history":[{"count":0,"href":"https:\/\/www.europesays.com\/pt\/wp-json\/wp\/v2\/posts\/91449\/revisions"}],"wp:featuredmedia":[{"embeddable":true,"href":"https:\/\/www.europesays.com\/pt\/wp-json\/wp\/v2\/media\/91450"}],"wp:attachment":[{"href":"https:\/\/www.europesays.com\/pt\/wp-json\/wp\/v2\/media?parent=91449"}],"wp:term":[{"taxonomy":"category","embeddable":true,"href":"https:\/\/www.europesays.com\/pt\/wp-json\/wp\/v2\/categories?post=91449"},{"taxonomy":"post_tag","embeddable":true,"href":"https:\/\/www.europesays.com\/pt\/wp-json\/wp\/v2\/tags?post=91449"}],"curies":[{"name":"wp","href":"https:\/\/api.w.org\/{rel}","templated":true}]}}