{"id":91457,"date":"2025-09-29T12:25:07","date_gmt":"2025-09-29T12:25:07","guid":{"rendered":"https:\/\/www.europesays.com\/pt\/91457\/"},"modified":"2025-09-29T12:25:07","modified_gmt":"2025-09-29T12:25:07","slug":"festa-do-livro-bate-recorde-e-marcelo-fala-em-aposta-ganha-observador","status":"publish","type":"post","link":"https:\/\/www.europesays.com\/pt\/91457\/","title":{"rendered":"Festa do Livro bate recorde e Marcelo fala em &#8220;aposta ganha&#8221; \u2013 Observador"},"content":{"rendered":"<p>A Festa do Livro no Pal\u00e1cio de Bel\u00e9m bateu recordes na oitava e \u00faltima edi\u00e7\u00e3o, com perto de 27 mil visitantes, e o Presidente da Rep\u00fablica considerou que \u201cfoi uma aposta ganha\u201d na promo\u00e7\u00e3o da leitura.<\/p>\n<p>De acordo com a Presid\u00eancia da Rep\u00fablica, no conjunto das oito edi\u00e7\u00f5es, esta iniciativa teve quase 170 mil visitantes, com o n\u00famero mais alto registado neste ano, perto de 27 mil.<\/p>\n<p><strong>\u201cApostei na leitura\u00a0e essa foi uma aposta ganha\u201d<\/strong>, declarou Marcelo Rebelo de Sousa aos jornalistas, nos jardins do Pal\u00e1cio de Bel\u00e9m, em Lisboa, no \u00faltimo de quatro dias desta edi\u00e7\u00e3o da Festa do Livro, que terminou com um concerto dos Xutos &amp; Pontap\u00e9s.<\/p>\n<p>O chefe de Estado fez um \u201cbalan\u00e7o muito positivo\u201d desta festa, com entrada gratuita, que lan\u00e7ou em 2016, dizendo que \u201cfoi sempre a subir\u201d depois de uma \u201cquebra de dois anos\u201d, em 2020 e 2021, em que n\u00e3o se realizou devido \u00e0 pandemia de Covid-19.<\/p>\n<p>\u201cPuxei pelo livro e puxei por aquilo que realmente gostava de fazer, que era estar junto dos portugueses\u00a0e eles junto de mim\u201d, acrescentou, salientando tamb\u00e9m as sess\u00f5es de encontros entre escritores e alunos de escolas de todo o pa\u00eds que promoveu ao longo dos \u00faltimos nove anos e meio.<\/p>\n<p>Segundo Marcelo Rebelo de Sousa, o Pal\u00e1cio de Bel\u00e9m ir\u00e1 continuar aberto \u00e0 popula\u00e7\u00e3o, seja como for, independentemente de quem lhe suceda a partir de 9 de mar\u00e7o do pr\u00f3ximo ano: \u201cIsso continua, com certeza. <strong>Isso a\u00ed \u00e9 uma coisa que j\u00e1 n\u00e3o volta atr\u00e1s\u201d<\/strong>.<\/p>\n<p>\u201cO povo portugu\u00eas escolher\u00e1 o seu sucessor, e o sucessor decidir\u00e1 se faz assim, se faz outra\u00a0coisa, se faz mais m\u00fasica, mais artes pl\u00e1sticas, mais teatro, ou mistura com livros\u201d, anteviu.<\/p>\n<p>A seguir, prometeu: \u201cEu, se continuar a haver livros, estou c\u00e1 para comprar, como j\u00e1 compro muito hoje;\u00a0se houver outro tipo de atividade cultural, virei c\u00e1, como qualquer cidad\u00e3o, para participar\u201d.<\/p>\n<p>Ap\u00f3s tirar sucessivas fotografias com os visitantes nos jardins do pal\u00e1cio, sobretudo com crian\u00e7as, Marcelo Rebelo de Sousa comentou a rela\u00e7\u00e3o que a popula\u00e7\u00e3o teve com o Presidente da Rep\u00fablica ao longo dos seus dois mandatos: \u201cN\u00e3o tenho raz\u00e3o de queixa, nunca tive, mesmo nos per\u00edodos mais dif\u00edceis\u201d.<\/p>\n<p>O chefe de Estado apontou o per\u00edodo de pandemia de Covid-19 como \u201co mais\u00a0dif\u00edcil\u201d que enfrentou e os inc\u00eandios de 2017 como \u201co segundo mais dif\u00edcil\u201d.<\/p>\n<p>Na sua opini\u00e3o, houve momentos, \u201ccomo as dissolu\u00e7\u00f5es\u00a0ou como certas chamadas de aten\u00e7\u00e3o aos governos\u201d, em que \u201cas pessoas\u00a0podiam realmente ter um esfriamento em rela\u00e7\u00e3o ao Presidente da Rep\u00fablica\u201d, mas isso n\u00e3o aconteceu, embora tenha havido \u201caltos e baixos\u201d.<\/p>\n<p>\u201cEu acho que sempre distinguiram muito bem duas coisas, que foi: concordarem ou discordarem do Presidente, gostarem ou n\u00e3o da pessoa. Quer dizer, mesmo quando discordavam do Presidente, tratavam a pessoa como quem trata algu\u00e9m de quem se gosta. E isso \u00e9 o mais importante\u201d, defendeu.<\/p>\n<p>Marcelo Rebelo de Sousa enquadrou-se como um continuador dos seus antecessores, Ramalho Eanes, M\u00e1rio Soares, Jorge Sampaio e Cavaco Silva, na \u201cproximidade entre o Presidente e o povo\u201d, sustentando que \u201ctodos os presidentes tiveram esse tra\u00e7o\u201d e tiveram boa aceita\u00e7\u00e3o popular.<\/p>\n<p>\u201cIsso com os meus antecessores aconteceu. Comigo, eu acho que vai acontecer, \u2014\u00a0eu depois tamb\u00e9m desapare\u00e7o\u00a0da pol\u00edtica, completamente \u2014, as pessoas v\u00e3o dizer: concord\u00e1mos, discord\u00e1mos, vot\u00e1mos, n\u00e3o\u00a0vot\u00e1mos, ach\u00e1mos que ele fez este erro e tal,\u00a0olhe, mas era boa pessoa, realmente, e fez o melhor que podia\u201d, disse.<\/p>\n<p>Interrogado se vai mesmo ausentar-se no plano pol\u00edtico, o Presidente da Rep\u00fablica reiterou: <strong>\u201cSim, sim, vou desaparecer.<\/strong> Acho que, para mim, a pr\u00e1tica de outros pa\u00edses que \u00e9 ex-presidentes intervirem muito\u00a0n\u00e3o \u00e9 uma boa pr\u00e1tica. Acho eu, mas enfim\u201d.<\/p>\n<p>Marcelo Rebelo de Sousa lan\u00e7ou a Festa do Livro\u00a0no seu primeiro ano como chefe de Estado, em colabora\u00e7\u00e3o com a Associa\u00e7\u00e3o Portuguesa de Editores e Livreiros (APEL), uma iniciativa que, al\u00e9m\u00a0de bancas para venda de livros e sess\u00f5es de aut\u00f3grafos, incluiu debates, cinema, m\u00fasica e atividades para crian\u00e7as.<\/p>\n<p>                            Se tiver uma hist\u00f3ria que queira partilhar sobre irregularidades na sua autarquia, preencha<br \/>\n                            <a href=\"https:\/\/forms.gle\/uQ1gDpSwmRd7ezUf8\" target=\"_blank\" rel=\"noopener noreferrer nofollow\">este formul\u00e1rio an\u00f3nimo<\/a>.<\/p>\n","protected":false},"excerpt":{"rendered":"A Festa do Livro no Pal\u00e1cio de Bel\u00e9m bateu recordes na oitava e \u00faltima edi\u00e7\u00e3o, com perto de&hellip;\n","protected":false},"author":2,"featured_media":91458,"comment_status":"","ping_status":"","sticky":false,"template":"","format":"standard","meta":{"footnotes":""},"categories":[143],"tags":[17502,169,315,114,115,864,170,57,302,32,11312,33,58],"class_list":{"0":"post-91457","1":"post","2":"type-post","3":"status-publish","4":"format-standard","5":"has-post-thumbnail","7":"category-livros","8":"tag-belu00e9m","9":"tag-books","10":"tag-cultura","11":"tag-entertainment","12":"tag-entretenimento","13":"tag-literatura","14":"tag-livros","15":"tag-pau00eds","16":"tag-polu00edtica","17":"tag-portugal","18":"tag-presidente-marcelo","19":"tag-pt","20":"tag-sociedade"},"share_on_mastodon":{"url":"","error":""},"_links":{"self":[{"href":"https:\/\/www.europesays.com\/pt\/wp-json\/wp\/v2\/posts\/91457","targetHints":{"allow":["GET"]}}],"collection":[{"href":"https:\/\/www.europesays.com\/pt\/wp-json\/wp\/v2\/posts"}],"about":[{"href":"https:\/\/www.europesays.com\/pt\/wp-json\/wp\/v2\/types\/post"}],"author":[{"embeddable":true,"href":"https:\/\/www.europesays.com\/pt\/wp-json\/wp\/v2\/users\/2"}],"replies":[{"embeddable":true,"href":"https:\/\/www.europesays.com\/pt\/wp-json\/wp\/v2\/comments?post=91457"}],"version-history":[{"count":0,"href":"https:\/\/www.europesays.com\/pt\/wp-json\/wp\/v2\/posts\/91457\/revisions"}],"wp:featuredmedia":[{"embeddable":true,"href":"https:\/\/www.europesays.com\/pt\/wp-json\/wp\/v2\/media\/91458"}],"wp:attachment":[{"href":"https:\/\/www.europesays.com\/pt\/wp-json\/wp\/v2\/media?parent=91457"}],"wp:term":[{"taxonomy":"category","embeddable":true,"href":"https:\/\/www.europesays.com\/pt\/wp-json\/wp\/v2\/categories?post=91457"},{"taxonomy":"post_tag","embeddable":true,"href":"https:\/\/www.europesays.com\/pt\/wp-json\/wp\/v2\/tags?post=91457"}],"curies":[{"name":"wp","href":"https:\/\/api.w.org\/{rel}","templated":true}]}}