{"id":91461,"date":"2025-09-29T12:28:18","date_gmt":"2025-09-29T12:28:18","guid":{"rendered":"https:\/\/www.europesays.com\/pt\/91461\/"},"modified":"2025-09-29T12:28:18","modified_gmt":"2025-09-29T12:28:18","slug":"the-elixir-novo-terror-de-zumbis-da-netflix-ganha-teaser-e-data-de-estreia-confira","status":"publish","type":"post","link":"https:\/\/www.europesays.com\/pt\/91461\/","title":{"rendered":"&#8216;The Elixir&#8217;: Novo terror de ZUMBIS da Netflix ganha teaser e data de estreia; Confira!"},"content":{"rendered":"<p>A\u00a0<strong><a href=\"https:\/\/cinepop.com.br\/tag\/netflix\/\" title=\"Netflix\" rel=\"nofollow noopener\" target=\"_blank\">Netflix<\/a><\/strong> divulgou recentemente o trailer oficial de\u00a0<strong>\u2018<a href=\"https:\/\/cinepop.com.br\/tag\/the-elixir\/\" title=\"The Elixir\" rel=\"nofollow noopener\" target=\"_blank\">The Elixir<\/a>\u2019<\/strong>, seu mais novo terror de zumbis indon\u00e9sio.<\/p>\n<p>A produ\u00e7\u00e3o chega \u00e0 plataforma de\u00a0streaming no dia\u00a0<strong>23 de outubro<\/strong>, a tempo da celebra\u00e7\u00e3o do Dia das Bruxas.<\/p>\n<p>Confira:<\/p>\n<p>O filme \u00e9 dirigido por\u00a0<strong><a href=\"https:\/\/cinepop.com.br\/tag\/kimo-stamboel\/\" title=\"Kimo Stamboel\" rel=\"nofollow noopener\" target=\"_blank\">Kimo Stamboel<\/a><\/strong>, que tamb\u00e9m assina o roteiro ao lado de\u00a0<strong><a href=\"https:\/\/cinepop.com.br\/tag\/agasyah-karim\/\" title=\"Agasyah Karim\" rel=\"nofollow noopener\" target=\"_blank\">Agasyah Karim<\/a><\/strong> e\u00a0<strong><a href=\"https:\/\/cinepop.com.br\/tag\/khalid-kashogi\/\" title=\"Khalid Kashogi\" rel=\"nofollow noopener\" target=\"_blank\">Khalid Kashogi<\/a><\/strong>.<\/p>\n<p>Na trama\u2026<\/p>\n<p>Um surto de zumbis \u00e9 acidentalmente desencadeado em uma vila remota perto da cidade de Yogyakarta quando o dono de um neg\u00f3cio familiar de fitoterapia tenta inovar uma nova receita.<\/p>\n<p><strong><a href=\"https:\/\/cinepop.com.br\/tag\/mikha-tambayong\/\" title=\"Mikha Tambayong\" rel=\"nofollow noopener\" target=\"_blank\">Mikha Tambayong<\/a>, <a href=\"https:\/\/cinepop.com.br\/tag\/eva-celia\/\" title=\"Eva Celia\" rel=\"nofollow noopener\" target=\"_blank\">Eva Celia<\/a>, <a href=\"https:\/\/cinepop.com.br\/tag\/marthino-lio\/\" title=\"Marthino Lio\" rel=\"nofollow noopener\" target=\"_blank\">Marthino Lio<\/a>, <a href=\"https:\/\/cinepop.com.br\/tag\/dimas-anggara\/\" title=\"Dimas Anggara\" rel=\"nofollow noopener\" target=\"_blank\">Dimas Anggara<\/a>, \u2060Varen Arianda Calief, \u2060\u2060Ardit Erwandha <\/strong>e <strong>Claresta Taufan<\/strong> estrelam.<\/p>\n","protected":false},"excerpt":{"rendered":"A\u00a0Netflix divulgou recentemente o trailer oficial de\u00a0\u2018The Elixir\u2019, seu mais novo terror de zumbis indon\u00e9sio. A produ\u00e7\u00e3o chega&hellip;\n","protected":false},"author":2,"featured_media":91462,"comment_status":"","ping_status":"","sticky":false,"template":"","format":"standard","meta":{"footnotes":""},"categories":[140],"tags":[22848,22849,22850,22851,114,115,22852,147,148,22853,22854,22855,22856,146,716,32,33,22857,22858],"class_list":{"0":"post-91461","1":"post","2":"type-post","3":"status-publish","4":"format-standard","5":"has-post-thumbnail","7":"category-filmes","8":"tag-agasyah-karim","9":"tag-ardit-erwandha","10":"tag-claresta-taufan","11":"tag-dimas-anggara","12":"tag-entertainment","13":"tag-entretenimento","14":"tag-eva-celia","15":"tag-film","16":"tag-filmes","17":"tag-khalid-kashogi","18":"tag-kimo-stamboel","19":"tag-marthino-lio","20":"tag-mikha-tambayong","21":"tag-movies","22":"tag-netflix","23":"tag-portugal","24":"tag-pt","25":"tag-the-elixir","26":"tag-varen-arianda-calief"},"share_on_mastodon":{"url":"","error":""},"_links":{"self":[{"href":"https:\/\/www.europesays.com\/pt\/wp-json\/wp\/v2\/posts\/91461","targetHints":{"allow":["GET"]}}],"collection":[{"href":"https:\/\/www.europesays.com\/pt\/wp-json\/wp\/v2\/posts"}],"about":[{"href":"https:\/\/www.europesays.com\/pt\/wp-json\/wp\/v2\/types\/post"}],"author":[{"embeddable":true,"href":"https:\/\/www.europesays.com\/pt\/wp-json\/wp\/v2\/users\/2"}],"replies":[{"embeddable":true,"href":"https:\/\/www.europesays.com\/pt\/wp-json\/wp\/v2\/comments?post=91461"}],"version-history":[{"count":0,"href":"https:\/\/www.europesays.com\/pt\/wp-json\/wp\/v2\/posts\/91461\/revisions"}],"wp:featuredmedia":[{"embeddable":true,"href":"https:\/\/www.europesays.com\/pt\/wp-json\/wp\/v2\/media\/91462"}],"wp:attachment":[{"href":"https:\/\/www.europesays.com\/pt\/wp-json\/wp\/v2\/media?parent=91461"}],"wp:term":[{"taxonomy":"category","embeddable":true,"href":"https:\/\/www.europesays.com\/pt\/wp-json\/wp\/v2\/categories?post=91461"},{"taxonomy":"post_tag","embeddable":true,"href":"https:\/\/www.europesays.com\/pt\/wp-json\/wp\/v2\/tags?post=91461"}],"curies":[{"name":"wp","href":"https:\/\/api.w.org\/{rel}","templated":true}]}}