{"id":91463,"date":"2025-09-29T12:29:08","date_gmt":"2025-09-29T12:29:08","guid":{"rendered":"https:\/\/www.europesays.com\/pt\/91463\/"},"modified":"2025-09-29T12:29:08","modified_gmt":"2025-09-29T12:29:08","slug":"braga-pode-despedir-carlos-vicens-e-ja-tem-alguns-nomes-em-mente","status":"publish","type":"post","link":"https:\/\/www.europesays.com\/pt\/91463\/","title":{"rendered":"Braga pode despedir Carlos Vicens e j\u00e1 tem alguns nomes em mente"},"content":{"rendered":"<p><strong>O Braga pode despedir Carlos Vicens em breve. Arsenalistas j\u00e1 trabalham na sucess\u00e3o e Tiago Margarido \u00e9 um dos nomes na lista.<\/strong><\/p>\n<p>Carlos Vicens pode ser despedido do Braga, garante o TEAMTalk. A mesma fonte refere que o treinador espanhol est\u00e1 em risco de ser demitido depois da <a href=\"https:\/\/bolanarede.pt\/especial-bola-na-rede\/atualidade\/braga-perde-em-casa-com-o-nacional-e-soma-quinto-jogo-sem-ganhar-na-primeira-liga\/\" target=\"_blank\" rel=\"noreferrer noopener nofollow\">derrota frente ao Nacional da Madeira (1-0)<\/a> na Primeira Liga e o Braga j\u00e1 come\u00e7a a trabalhar na sua sucess\u00e3o.<\/p>\n<p>Tiago Margarido, treinador do Nacional, \u00e9 uma op\u00e7\u00e3o em cima da mesa para o Braga\u2026 depois de o clube madeirense ter derrotado os arsenalistas. O TEAMtalk informa ainda que o t\u00e9cnico portugu\u00eas \u00e9 muito apreciado no seio do Braga e \u00e9 um dos tr\u00eas nomes na lista, sem revelar quais.<\/p>\n<p>Podes ler as <a href=\"https:\/\/bolanarede.pt\/especial-bola-na-rede\/atualidade\/carlos-vicens-nao-fala-do-futuro-no-braga-e-atira-e-preciso-minimos-para-competir-ao-mais-alto-nivel\/\" target=\"_blank\" rel=\"noreferrer noopener nofollow\">declara\u00e7\u00f5es de Carlos Vicens<\/a>, logo ap\u00f3s o Braga perder com o Nacional na Primeira Liga.<\/p>\n<blockquote class=\"twitter-tweet\" data-width=\"550\" data-dnt=\"true\">\n<p lang=\"en\" dir=\"ltr\">\ud83d\udea8\ud83d\udd25 Carlos Vicens is at risk of being sacked as Braga manager after the 0-1 home defeat against Nacional.<\/p>\n<p>The \ud83c\uddf5\ud83c\uddf9 club is already working on his replacement, with three names on the shortlist, including Tiago Margarido, who is highly regarded by Braga&#8217;s board. <a href=\"https:\/\/t.co\/bb8Yblyzwr\" rel=\"nofollow\">pic.twitter.com\/bb8Yblyzwr<\/a><\/p>\n<p>\u2014 Rudy Galetti (@RudyGaletti) <a href=\"https:\/\/twitter.com\/RudyGaletti\/status\/1972610643476758865?ref_src=twsrc%5Etfw\" rel=\"nofollow noopener\" target=\"_blank\">September 29, 2025<\/a><\/p><\/blockquote>\n<p><script async src=\"https:\/\/platform.twitter.com\/widgets.js\" charset=\"utf-8\"><\/script><\/p>\n","protected":false},"excerpt":{"rendered":"O Braga pode despedir Carlos Vicens em breve. Arsenalistas j\u00e1 trabalham na sucess\u00e3o e Tiago Margarido \u00e9 um&hellip;\n","protected":false},"author":2,"featured_media":91464,"comment_status":"","ping_status":"","sticky":false,"template":"","format":"standard","meta":{"footnotes":""},"categories":[87],"tags":[260,1912,135,478,12881,32,479,33,134],"class_list":{"0":"post-91463","1":"post","2":"type-post","3":"status-publish","4":"format-standard","5":"has-post-thumbnail","7":"category-desporto","8":"tag-atualidade","9":"tag-braga","10":"tag-desporto","11":"tag-destaques-bnr","12":"tag-nacional-da-madeira","13":"tag-portugal","14":"tag-primeira-liga","15":"tag-pt","16":"tag-sports"},"share_on_mastodon":{"url":"","error":""},"_links":{"self":[{"href":"https:\/\/www.europesays.com\/pt\/wp-json\/wp\/v2\/posts\/91463","targetHints":{"allow":["GET"]}}],"collection":[{"href":"https:\/\/www.europesays.com\/pt\/wp-json\/wp\/v2\/posts"}],"about":[{"href":"https:\/\/www.europesays.com\/pt\/wp-json\/wp\/v2\/types\/post"}],"author":[{"embeddable":true,"href":"https:\/\/www.europesays.com\/pt\/wp-json\/wp\/v2\/users\/2"}],"replies":[{"embeddable":true,"href":"https:\/\/www.europesays.com\/pt\/wp-json\/wp\/v2\/comments?post=91463"}],"version-history":[{"count":0,"href":"https:\/\/www.europesays.com\/pt\/wp-json\/wp\/v2\/posts\/91463\/revisions"}],"wp:featuredmedia":[{"embeddable":true,"href":"https:\/\/www.europesays.com\/pt\/wp-json\/wp\/v2\/media\/91464"}],"wp:attachment":[{"href":"https:\/\/www.europesays.com\/pt\/wp-json\/wp\/v2\/media?parent=91463"}],"wp:term":[{"taxonomy":"category","embeddable":true,"href":"https:\/\/www.europesays.com\/pt\/wp-json\/wp\/v2\/categories?post=91463"},{"taxonomy":"post_tag","embeddable":true,"href":"https:\/\/www.europesays.com\/pt\/wp-json\/wp\/v2\/tags?post=91463"}],"curies":[{"name":"wp","href":"https:\/\/api.w.org\/{rel}","templated":true}]}}