{"id":91477,"date":"2025-09-29T12:37:19","date_gmt":"2025-09-29T12:37:19","guid":{"rendered":"https:\/\/www.europesays.com\/pt\/91477\/"},"modified":"2025-09-29T12:37:19","modified_gmt":"2025-09-29T12:37:19","slug":"esposa-comenta-demencia-de-bruce-willis-e-como-um-longo-adeus","status":"publish","type":"post","link":"https:\/\/www.europesays.com\/pt\/91477\/","title":{"rendered":"Esposa comenta dem\u00eancia de Bruce Willis: \u2018\u00c9 como um longo adeus\u2019"},"content":{"rendered":"<p data-component-name=\"paragraph\" class=\"styles__ParagraphStyled-sc-6adecn-0 gsLklW  \"><a href=\"https:\/\/www.estadao.com.br\/tudo-sobre\/emma-heming\/\" target=\"_blank\" rel=\"nofollow noopener\" title=\"https:\/\/www.estadao.com.br\/tudo-sobre\/emma-heming\/\"><strong>Emma Heming<\/strong><\/a>, esposa de <a href=\"https:\/\/www.estadao.com.br\/tudo-sobre\/bruce-willis\/\" target=\"_blank\" rel=\"nofollow noopener\" title=\"https:\/\/www.estadao.com.br\/tudo-sobre\/bruce-willis\/\"><strong>Bruce Willis<\/strong><\/a>, falou a respeito da situa\u00e7\u00e3o do ator, que foi diagnosticado com <a href=\"https:\/\/www.estadao.com.br\/saude\/bruce-willis-entenda-a-demencia-frontotemporal-doenca-degenerativa-que-acomete-o-ator\/\" target=\"_blank\" rel=\"nofollow noopener\" title=\"https:\/\/www.estadao.com.br\/saude\/bruce-willis-entenda-a-demencia-frontotemporal-doenca-degenerativa-que-acomete-o-ator\/\"><strong>dem\u00eancia frontotemporal<\/strong><\/a> h\u00e1 alguns anos, em<strong> entrevista<\/strong> ao <strong>Fant\u00e1stico<\/strong> deste domingo, 28. <\/p>\n<p><img  loading=\"lazy\" class=\"lazy-load-img\"\/><\/p>\n<p>Emma Heming durante entrevista ao &#8216;Fant\u00e1stico&#8217; deste domingo, 28\u00a0Foto:  Reprodu\u00e7\u00e3o de &#8216;Fant\u00e1stico&#8217; (2025)\/TV Globo<\/p>\n<p>\u201cOuvi de diferentes neurologistas que esta \u00e9 a pior de todas as dem\u00eancias. <a href=\"https:\/\/www.estadao.com.br\/saude\/bruce-willis-entenda-a-demencia-frontotemporal-doenca-degenerativa-que-acomete-o-ator\/\" target=\"_blank\" rel=\"nofollow noopener\" title=\"https:\/\/www.estadao.com.br\/saude\/bruce-willis-entenda-a-demencia-frontotemporal-doenca-degenerativa-que-acomete-o-ator\/\"><strong>No come\u00e7o, \u00e9 muito dif\u00edcil de identificar os sinais, porque eles v\u00eam aos poucos<\/strong><\/a>\u201d, contou.<\/p>\n<p>\u201c\u00c9 como se fosse um longo adeus, uma jornada que progride lentamente. Com o tempo voc\u00ea percebe que precisar\u00e1 de mais ajuda e apoio\u201d, disse. \u201c\u00c9 uma doen\u00e7a muito agressiva. Mas, no geral, acho que ele est\u00e1 se saindo muito bem\u201d, complementou.<\/p>\n<p data-component-name=\"paragraph\" class=\"styles__ParagraphStyled-sc-6adecn-0 gsLklW  \">Emma tamb\u00e9m comentou sobre a <a href=\"https:\/\/www.estadao.com.br\/emais\/gente\/mulher-de-bruce-willis-diz-que-morar-em-casa-separada-do-ator-foi-a-decisao-mais-dificil-entenda-nprec\/\" target=\"_blank\" rel=\"nofollow noopener\" title=\"https:\/\/www.estadao.com.br\/emais\/gente\/mulher-de-bruce-willis-diz-que-morar-em-casa-separada-do-ator-foi-a-decisao-mais-dificil-entenda-nprec\/\"><strong>decis\u00e3o de viver numa casa separada da do ator<\/strong><\/a>, e sobre buscar ajuda para os cuidados com ele.<\/p>\n<p data-component-name=\"paragraph\" class=\"styles__ParagraphStyled-sc-6adecn-0 gsLklW  \">\u201cEu nunca tinha lidado com algu\u00e9m com dem\u00eancia. Precisei de um tempo para assumir esse papel de cuidadora. No come\u00e7o, queria resolver tudo sozinha. Pensava: \u2018O Bruce \u00e9 meu marido, s\u00f3 eu posso fazer isso\u2019. Era resistente \u00e0 ideia de aceitar ajuda.\u201d<\/p>\n<p data-component-name=\"paragraph\" class=\"styles__ParagraphStyled-sc-6adecn-0 gsLklW  \">\u201cQuando a doen\u00e7a dele come\u00e7ou a evoluir, um neurologista alertou: \u2018Cuidadores que n\u00e3o pedem ajuda e n\u00e3o cuidam de si mesmos podem morrer antes das pessoas que amam\u2019. Ouvir isso foi um choque de realidade. Foi a\u00ed que entendi que pedir ajuda era ok\u201d, contou.<\/p>\n","protected":false},"excerpt":{"rendered":"Emma Heming, esposa de Bruce Willis, falou a respeito da situa\u00e7\u00e3o do ator, que foi diagnosticado com dem\u00eancia&hellip;\n","protected":false},"author":2,"featured_media":91478,"comment_status":"","ping_status":"","sticky":false,"template":"","format":"standard","meta":{"footnotes":""},"categories":[145],"tags":[22860,22861,22863,211,210,22862,22864,114,115,22880,22865,22866,22867,22868,22869,22870,22871,356,22872,5806,22873,22874,22875,22876,32,33,22877,22878,22879],"class_list":{"0":"post-91477","1":"post","2":"type-post","3":"status-publish","4":"format-standard","5":"has-post-thumbnail","7":"category-celebridades","8":"tag-actif","9":"tag-attente","10":"tag-celebration","11":"tag-celebridades","12":"tag-celebrities","13":"tag-costume","14":"tag-decouverte","15":"tag-entertainment","16":"tag-entretenimento","17":"tag-ete","18":"tag-exterieur","19":"tag-femme","20":"tag-garcon","21":"tag-gens","22":"tag-marchant","23":"tag-marche","24":"tag-mariage","25":"tag-marie","26":"tag-mariee","27":"tag-nature","28":"tag-parc","29":"tag-personne","30":"tag-personne-agee","31":"tag-personnes-agees","32":"tag-portugal","33":"tag-pt","34":"tag-randonnee","35":"tag-seul","36":"tag-travailleur"},"share_on_mastodon":{"url":"","error":""},"_links":{"self":[{"href":"https:\/\/www.europesays.com\/pt\/wp-json\/wp\/v2\/posts\/91477","targetHints":{"allow":["GET"]}}],"collection":[{"href":"https:\/\/www.europesays.com\/pt\/wp-json\/wp\/v2\/posts"}],"about":[{"href":"https:\/\/www.europesays.com\/pt\/wp-json\/wp\/v2\/types\/post"}],"author":[{"embeddable":true,"href":"https:\/\/www.europesays.com\/pt\/wp-json\/wp\/v2\/users\/2"}],"replies":[{"embeddable":true,"href":"https:\/\/www.europesays.com\/pt\/wp-json\/wp\/v2\/comments?post=91477"}],"version-history":[{"count":0,"href":"https:\/\/www.europesays.com\/pt\/wp-json\/wp\/v2\/posts\/91477\/revisions"}],"wp:featuredmedia":[{"embeddable":true,"href":"https:\/\/www.europesays.com\/pt\/wp-json\/wp\/v2\/media\/91478"}],"wp:attachment":[{"href":"https:\/\/www.europesays.com\/pt\/wp-json\/wp\/v2\/media?parent=91477"}],"wp:term":[{"taxonomy":"category","embeddable":true,"href":"https:\/\/www.europesays.com\/pt\/wp-json\/wp\/v2\/categories?post=91477"},{"taxonomy":"post_tag","embeddable":true,"href":"https:\/\/www.europesays.com\/pt\/wp-json\/wp\/v2\/tags?post=91477"}],"curies":[{"name":"wp","href":"https:\/\/api.w.org\/{rel}","templated":true}]}}