{"id":91494,"date":"2025-09-29T12:53:11","date_gmt":"2025-09-29T12:53:11","guid":{"rendered":"https:\/\/www.europesays.com\/pt\/91494\/"},"modified":"2025-09-29T12:53:11","modified_gmt":"2025-09-29T12:53:11","slug":"afinal-nao-estamos-a-assistir-a-um-sexto-evento-de-extincao-em-massa","status":"publish","type":"post","link":"https:\/\/www.europesays.com\/pt\/91494\/","title":{"rendered":"Afinal, n\u00e3o estamos a assistir a um sexto evento de extin\u00e7\u00e3o em massa"},"content":{"rendered":"<p>\t                Novo estudo contradiz investiga\u00e7\u00e3o de 2023. De qualquer maneira: \u201cCada extin\u00e7\u00e3o \u00e9 uma trag\u00e9dia e nunca devia ter acontecido &#8211; e n\u00e3o devia acontecer no futuro\u201d<\/p>\n<p style=\"margin-bottom:11px\">Os seres humanos j\u00e1 extinguiram centenas de esp\u00e9cies &#8211; e muitas outras est\u00e3o \u00e0 beira da extin\u00e7\u00e3o ou registam grandes decl\u00ednios populacionais.<\/p>\n<p>Alguns cientistas afirmam que entr\u00e1mos num evento de \u201c<a href=\"https:\/\/cnn.com\/2023\/12\/23\/world\/mass-extinctions-explained-scn-climate\" rel=\"nofollow noopener\" target=\"_blank\">sexta extin\u00e7\u00e3o em massa<\/a>\u201d, semelhante ao que dizimou os dinossauros h\u00e1 66 milh\u00f5es de anos. Mas, desta vez, o culpado \u00e9 a aniquila\u00e7\u00e3o biol\u00f3gica causada pelos seres humanos e n\u00e3o um <a href=\"https:\/\/www.cnn.com\/2023\/10\/30\/americas\/asteroid-dust-dinosaur-extinction-photosynthesis-scn\" rel=\"nofollow noopener\" target=\"_blank\">asteroide<\/a> do tamanho de uma cidade.<\/p>\n<p>Um novo estudo publicado na quinta-feira na revista <a href=\"https:\/\/doi.org\/10.1371\/journal.pbio.3003356\" rel=\"nofollow noopener\" target=\"_blank\">PLOS Biology<\/a> argumenta, no entanto, que embora o decl\u00ednio da biodiversidade seja real, os insectos, as plantas e os animais n\u00e3o est\u00e3o a desaparecer a um ritmo que se aproxime de uma <a href=\"https:\/\/www.nhm.ac.uk\/discover\/what-is-mass-extinction-and-are-we-facing-a-sixth-one.html\" rel=\"nofollow noopener\" target=\"_blank\">extin\u00e7\u00e3o em massa<\/a>, um fen\u00f3meno tipicamente definido pela perda de 75% de todas as esp\u00e9cies durante um intervalo de tempo geol\u00f3gico. Apenas cinco extin\u00e7\u00f5es em massa ocorreram ao longo dos 4,5 mil milh\u00f5es de anos da hist\u00f3ria da Terra.<\/p>\n<p>Em vez disso, segundo o estudo, as extin\u00e7\u00f5es recentes de grupos de plantas e animais s\u00e3o raras e frequentemente confinadas a habitats insulares. Al\u00e9m disso, as taxas de extin\u00e7\u00e3o podem estar a desacelerar, em parte devido \u00e0 intensifica\u00e7\u00e3o dos esfor\u00e7os de conserva\u00e7\u00e3o, especialmente no caso dos mam\u00edferos e das aves.<\/p>\n<p>\u201cUma coisa que enfatizamos \u00e9 que cada uma dessas extin\u00e7\u00f5es \u00e9 uma trag\u00e9dia e nunca deveria ter acontecido e n\u00e3o deveria acontecer no futuro\u201d, explica o autor do estudo John Wiens, professor de ecologia e biologia evolutiva na Universidade do Arizona.<\/p>\n<p> <img decoding=\"async\" alt=\"\" src=\"https:\/\/www.europesays.com\/pt\/wp-content\/uploads\/2025\/09\/1759150391_678_f_webp.webp\" width=\"600\"\/> <\/p>\n<p>   Impress\u00e3o de um artista do s\u00e9culo XIX da vaca marinha de Steller (Hydrodamalis gigas), um mam\u00edfero aqu\u00e1tico extinto. Arquivo de Hist\u00f3ria Universal\/Grupo de Imagens Universais\/Getty Images <\/p>\n<p>A maioria das extin\u00e7\u00f5es ocorre entre aves e mam\u00edferos <\/p>\n<p>A an\u00e1lise conduzida por Wiens e pela coautora Kristen Saban, estudante de p\u00f3s-gradua\u00e7\u00e3o da Universidade de Harvard, baseou-se em 163.022 esp\u00e9cies de plantas e animais avaliadas pela <a href=\"https:\/\/iucn.org\/\" rel=\"nofollow noopener\" target=\"_blank\">Uni\u00e3o Internacional para a Conserva\u00e7\u00e3o da Natureza<\/a>. E concentrou-se nas extin\u00e7\u00f5es em n\u00edvel de g\u00e9nero desde 1500.<\/p>\n<p>G\u00eanero \u00e9 uma classifica\u00e7\u00e3o biol\u00f3gica que agrupa esp\u00e9cies diferentes, mas relacionadas. Por exemplo, o <a href=\"https:\/\/exhibits.museum.state.il.us\/exhibits\/larson\/canis.html\" rel=\"nofollow noopener\" target=\"_blank\">g\u00eanero Canis<\/a> inclui lobos, c\u00e3es, coiotes e chacais. No entanto, um g\u00eanero tamb\u00e9m pode ser monot\u00edpico, contendo apenas uma \u00fanica esp\u00e9cie, como o narval, a \u00e1rvore ginkgo ou o ornitorrinco.<\/p>\n<p>Wiens adianta que, juntamente com Saban, decidiram realizar uma an\u00e1lise ao n\u00edvel do g\u00e9nero porque provavelmente representava mais hist\u00f3ria evolutiva do que uma an\u00e1lise ao n\u00edvel da esp\u00e9cie.<\/p>\n<p>O estudo descobriu que 102 g\u00e9neros foram extintos nos \u00faltimos 500 anos \u2014 90 animais e 12 plantas. Al\u00e9m disso, constatou extin\u00e7\u00f5es em duas categorias mais amplas no sistema de classifica\u00e7\u00e3o cient\u00edfica da vida: 10 fam\u00edlias, que agrupam g\u00e9neros relacionados, e duas ordens, que agrupam fam\u00edlias relacionadas.<\/p>\n<p>Embora o estudo n\u00e3o se tenha centrado nas extin\u00e7\u00f5es ao n\u00edvel das esp\u00e9cies, Wiens disse que, no mesmo per\u00edodo de 500 anos, mais de 900 esp\u00e9cies individuais foram extintas, de acordo com dados da IUCN.<\/p>\n<p>Os g\u00e9neros que se extinguiram nos \u00faltimos 500 anos inclu\u00edram o dod\u00f4 (Raphus), a vaca marinha (Hydrodamalis) e o Cylindraspis, um grupo de tartarugas gigantes recentemente extintas que viviam nas Ilhas Maur\u00edcio e ilhas vizinhas. Outros ramos extintos da \u00e1rvore da vida inclu\u00edram os p\u00e1ssaros mel\u00edfagos havaianos da fam\u00edlia Mohoidae e a ordem Dinornithormes, que agrupava aves gigantes que n\u00e3o voavam, como os moas da Nova Zel\u00e2ndia.<\/p>\n<p>O estudo reconheceu algumas limita\u00e7\u00f5es importantes \u00e0 investiga\u00e7\u00e3o. Mais notavelmente, pode haver muitos g\u00e9neros extintos que n\u00e3o foram inclu\u00eddos pela IUCN, uma quest\u00e3o que pode ser especialmente problem\u00e1tica em insetos, para os quais relativamente poucos g\u00e9neros foram identificados, mas que cont\u00eam cerca de metade de todas as esp\u00e9cies conhecidas.<\/p>\n<p>A maioria dessas extin\u00e7\u00f5es ocorreu entre mam\u00edferos (21 g\u00e9neros) e aves (37 g\u00e9neros), observou o estudo. Estes representavam um total de 179 esp\u00e9cies.<\/p>\n<p>Essa taxa, argumenta o estudo, tornou as extin\u00e7\u00f5es raras \u2014 representando apenas 0,45% dos 22.760 g\u00e9neros avaliados pela Uni\u00e3o Internacional para a Conserva\u00e7\u00e3o da Natureza, de acordo com o estudo.<\/p>\n<p> <img decoding=\"async\" alt=\"\" src=\"https:\/\/www.europesays.com\/pt\/wp-content\/uploads\/2025\/09\/1759150391_197_f_webp.webp\" width=\"600\"\/> <\/p>\n<p>   Ilustra\u00e7\u00e3o de 1910 do moa, Dinornis novaezealandiae, uma ave gigante extinta da Nova Zel\u00e2ndia. Florilegius\/Universal Images Group\/Getty Images <\/p>\n<p>A an\u00e1lise tamb\u00e9m descobriu que a maioria das extin\u00e7\u00f5es ocorreu entre g\u00e9neros que viviam exclusivamente em ilhas. Por exemplo, a maioria das extin\u00e7\u00f5es de aves ocorreu nas Ilhas Mascarenhas, nas Ilhas Havaianas e na Nova Zel\u00e2ndia, observa o estudo.<\/p>\n<p>Os habitats insulares s\u00e3o particularmente vulner\u00e1veis a esp\u00e9cies invasoras, muitas vezes trazidas por colonos humanos, afirma Wiens, e n\u00e3o s\u00e3o necessariamente representativos de um risco de extin\u00e7\u00e3o mais amplo.<\/p>\n<p>Surpreendentemente, a an\u00e1lise tamb\u00e9m sugere que as taxas de extin\u00e7\u00e3o ao n\u00edvel do g\u00e9nero parecem ter come\u00e7ado a diminuir, com as taxas de extin\u00e7\u00e3o mais r\u00e1pidas a ocorrerem nas d\u00e9cadas de 1870, 1890 e 1900.<\/p>\n<p>&#8220;Descobrimos, em vez disso, que as extin\u00e7\u00f5es de g\u00e9neros s\u00e3o muito raras entre plantas e animais, que eram principalmente de g\u00e9neros encontrados apenas em ilhas e que essas extin\u00e7\u00f5es realmente diminu\u00edram nos \u00faltimos 100 anos, em vez de acelerarem rapidamente&#8221;, aponta Wiens astrav\u00e9s de um comunicado.<\/p>\n<p>A investiga\u00e7\u00e3o est\u00e1 em contradi\u00e7\u00e3o com um estudo de 2023, baseado em 5.400 g\u00e9neros de animais vertebrados, que concluiu que as extin\u00e7\u00f5es ao n\u00edvel do g\u00e9nero estavam a &#8220;acelerar rapidamente&#8221;, argumentando que &#8220;estamos no sexto evento de extin\u00e7\u00e3o em massa&#8221;.<\/p>\n<p>No entanto, essa pesquisa focou em 5.400 esp\u00e9cies de animais vertebrados e excluiu peixes, insetos e plantas, levando em considera\u00e7\u00e3o apenas uma pequena fra\u00e7\u00e3o da vida neste planeta, recorda Wiens.<\/p>\n<p>Os autores desse estudo, Gerardo Ceballos, investigador s\u00e9nior do Instituto de Ecologia da Universidade Nacional Aut\u00f4noma do M\u00e9xico, e Paul Ehrlich, professor em\u00e9rito Bing de Estudos Populacionais da Universidade de Stanford, afirmaram que adotaram a tese da sexta extin\u00e7\u00e3o em massa porque a an\u00e1lise dos dados atuais de biodiversidade indicava que a Terra est\u00e1 a perder esp\u00e9cies e g\u00e9neros a taxas muito mais elevadas do que em qualquer outro momento no \u00faltimo milh\u00e3o de anos.<\/p>\n<p>&#8220;Em outras palavras, as milhares de esp\u00e9cies que foram perdidas no s\u00e9culo anterior teriam levado milhares de anos para desaparecer em tempos normais. As tend\u00eancias s\u00e3o universais, afetando todos os organismos, incluindo vertebrados, invertebrados, plantas, fungos e micr\u00f3bios&#8221;, referem os dois \u00e0 CNN por e-mail.<\/p>\n<p>&#8220;O conceito da sexta extin\u00e7\u00e3o em massa e a crise da biodiversidade est\u00e3o cientificamente interligados&#8221;, acrescentam.<\/p>\n<p>Crise da biodiversidade vs. extin\u00e7\u00e3o em massa <\/p>\n<p>Embora exista um consenso generalizado sobre a perda mais ampla da biodiversidade, h\u00e1 um grande debate sobre a taxa exata em que isso est\u00e1 a acontecer e a escala, afirma Sadiah Qureshi, historiadora da ci\u00eancia da Universidade de Manchester, no Reino Unido, e autora do novo livro &#8220;Vanished: An Unnatural History of Extinction&#8221; (Desaparecido: uma hist\u00f3ria n\u00e3o natural da extin\u00e7\u00e3o). Qureshi, que n\u00e3o participou na investiga\u00e7\u00e3o, refere que muitos ge\u00f3logos n\u00e3o acreditam que a crise atual atinja o limiar das extin\u00e7\u00f5es em massa registadas no passado.<\/p>\n<p>&#8220;Embora as alega\u00e7\u00f5es sobre a sexta extin\u00e7\u00e3o em massa possam funcionar como um apelo \u00e0 a\u00e7\u00e3o, as alega\u00e7\u00f5es apocal\u00edpticas sobre a perda s\u00e3o igualmente suscet\u00edveis de fazer as pessoas sentirem que n\u00e3o h\u00e1 nada que possam fazer&#8221;, afirma por e-mail. &#8220;Devemos lembrar-nos de que ainda podemos fazer uma diferen\u00e7a significativa e, por isso, \u00e9 importante manter a esperan\u00e7a.&#8221;<\/p>\n<p>A atual crise da biodiversidade e a sexta extin\u00e7\u00e3o em massa s\u00e3o conceitos distintos que devem ser dissociados, segundo Conrad Labandeira, cientista s\u00eanior e curador de artr\u00f3podes f\u00f3sseis do Museu Nacional de Hist\u00f3ria Natural do Instituto Smithsonian, em Washington, DC. Labandeira n\u00e3o participou na pesquisa mais recente, mas estudou as tend\u00eancias de extin\u00e7\u00e3o de insetos, observando que muitos g\u00e9neros de insetos sobreviveram ilesos \u00e0s extin\u00e7\u00f5es em massa.<\/p>\n<p>\u201cA atual crise da biodiversidade existe&#8230; enquanto a sexta extin\u00e7\u00e3o em massa \u00e9 interpretativa\u201d, acredita Labandeira. \u201cAinda deve haver um apelo \u00e0 a\u00e7\u00e3o, enfatizando a preserva\u00e7\u00e3o dos ecossistemas naturais como um mecanismo para preservar a biodiversidade moderna, incluindo os t\u00e1xons que est\u00e3o em perigo de extin\u00e7\u00e3o.\u201d<\/p>\n<p>\u00c9 dif\u00edcil detectar e documentar extin\u00e7\u00f5es, particularmente entre grupos pouco conhecidos, como invertebrados, plantas e fungos, que s\u00e3o menos estudados do que aves e mam\u00edferos, salienta Stuart Butchart, cientista-chefe da institui\u00e7\u00e3o de caridade de conserva\u00e7\u00e3o BirdLife International.<\/p>\n<p>&#8220;Confirmar extin\u00e7\u00f5es \u00e9 extremamente desafiante, porque requer a certeza de que o \u00faltimo indiv\u00edduo de uma esp\u00e9cie morreu: isso \u00e9 mais dif\u00edcil para esp\u00e9cies cuja distribui\u00e7\u00e3o, habitats, ecologia e comportamento conhecemos menos bem&#8221;, explica Butchart, que tamb\u00e9m \u00e9 investigador honor\u00e1rio do departamento de zoologia da Universidade de Cambridge.<\/p>\n<p>Butchart considera a quest\u00e3o de saber se uma sexta extin\u00e7\u00e3o em massa est\u00e1 iminente uma distra\u00e7\u00e3o, mas real\u00e7a que as taxas de extin\u00e7\u00e3o atuais s\u00e3o motivo de grande preocupa\u00e7\u00e3o e est\u00e3o a ocorrer numa escala que amea\u00e7a a subsist\u00eancia e o bem-estar humanos.<\/p>\n<p>&#8220;As extin\u00e7\u00f5es em massa ocorrem de forma extremamente r\u00e1pida em termos geol\u00f3gicos, mas ainda assim demoram entre dezenas de milhares a v\u00e1rios milh\u00f5es de anos&#8221;, acrescenta.<\/p>\n<p>&#8220;Em escalas de tempo humanas, \u00e9, portanto, extremamente dif\u00edcil saber se as \u00faltimas d\u00e9cadas ou s\u00e9culos constituem o in\u00edcio de outro evento de extin\u00e7\u00e3o em massa.&#8221;<\/p>\n","protected":false},"excerpt":{"rendered":"Novo estudo contradiz investiga\u00e7\u00e3o de 2023. De qualquer maneira: \u201cCada extin\u00e7\u00e3o \u00e9 uma trag\u00e9dia e nunca devia ter&hellip;\n","protected":false},"author":2,"featured_media":91495,"comment_status":"","ping_status":"","sticky":false,"template":"","format":"standard","meta":{"footnotes":""},"categories":[50],"tags":[609,836,1353,611,2780,27,28,2271,607,608,333,832,604,135,610,476,20655,22881,15,16,13621,301,830,14,603,25,26,570,21,22,831,833,62,834,12,13,19,20,835,602,52,32,23,24,17,18,29,30,31,63,64,65],"class_list":{"0":"post-91494","1":"post","2":"type-post","3":"status-publish","4":"format-standard","5":"has-post-thumbnail","7":"category-mundo","8":"tag-alerta","9":"tag-analise","10":"tag-animais","11":"tag-ao-minuto","12":"tag-biodiversidade","13":"tag-breaking-news","14":"tag-breakingnews","15":"tag-clima","16":"tag-cnn","17":"tag-cnn-portugal","18":"tag-comentadores","19":"tag-costa","20":"tag-crime","21":"tag-desporto","22":"tag-direto","23":"tag-economia","24":"tag-extincao","25":"tag-extincao-em-massa","26":"tag-featured-news","27":"tag-featurednews","28":"tag-futuro","29":"tag-governo","30":"tag-guerra","31":"tag-headlines","32":"tag-justica","33":"tag-latest-news","34":"tag-latestnews","35":"tag-live","36":"tag-main-news","37":"tag-mainnews","38":"tag-mais-vistas","39":"tag-marcelo","40":"tag-mundo","41":"tag-negocios","42":"tag-news","43":"tag-noticias","44":"tag-noticias-principais","45":"tag-noticiasprincipais","46":"tag-opiniao","47":"tag-pais","48":"tag-politica","49":"tag-portugal","50":"tag-principais-noticias","51":"tag-principaisnoticias","52":"tag-top-stories","53":"tag-topstories","54":"tag-ultimas","55":"tag-ultimas-noticias","56":"tag-ultimasnoticias","57":"tag-world","58":"tag-world-news","59":"tag-worldnews"},"share_on_mastodon":{"url":"","error":""},"_links":{"self":[{"href":"https:\/\/www.europesays.com\/pt\/wp-json\/wp\/v2\/posts\/91494","targetHints":{"allow":["GET"]}}],"collection":[{"href":"https:\/\/www.europesays.com\/pt\/wp-json\/wp\/v2\/posts"}],"about":[{"href":"https:\/\/www.europesays.com\/pt\/wp-json\/wp\/v2\/types\/post"}],"author":[{"embeddable":true,"href":"https:\/\/www.europesays.com\/pt\/wp-json\/wp\/v2\/users\/2"}],"replies":[{"embeddable":true,"href":"https:\/\/www.europesays.com\/pt\/wp-json\/wp\/v2\/comments?post=91494"}],"version-history":[{"count":0,"href":"https:\/\/www.europesays.com\/pt\/wp-json\/wp\/v2\/posts\/91494\/revisions"}],"wp:featuredmedia":[{"embeddable":true,"href":"https:\/\/www.europesays.com\/pt\/wp-json\/wp\/v2\/media\/91495"}],"wp:attachment":[{"href":"https:\/\/www.europesays.com\/pt\/wp-json\/wp\/v2\/media?parent=91494"}],"wp:term":[{"taxonomy":"category","embeddable":true,"href":"https:\/\/www.europesays.com\/pt\/wp-json\/wp\/v2\/categories?post=91494"},{"taxonomy":"post_tag","embeddable":true,"href":"https:\/\/www.europesays.com\/pt\/wp-json\/wp\/v2\/tags?post=91494"}],"curies":[{"name":"wp","href":"https:\/\/api.w.org\/{rel}","templated":true}]}}