{"id":91500,"date":"2025-09-29T12:58:21","date_gmt":"2025-09-29T12:58:21","guid":{"rendered":"https:\/\/www.europesays.com\/pt\/91500\/"},"modified":"2025-09-29T12:58:21","modified_gmt":"2025-09-29T12:58:21","slug":"sorteio-era-digital-desafios-do-direito-em-perspectiva-comparada","status":"publish","type":"post","link":"https:\/\/www.europesays.com\/pt\/91500\/","title":{"rendered":"Sorteio &#8220;Era Digital &#8211; Desafios do Direito em Perspectiva Comparada&#8221;"},"content":{"rendered":"<p>A obra coletiva &#8220;<strong>Era Digital &#8211; Desafios do Direito em Perspectiva Comparada<\/strong>&#8221;\u00a0(Editora Amanuense,\u00a0268p.), organizada por <strong>Manuellita Hermes<\/strong> e coordenada por\u00a0<strong>Ana Carolina Sebba Donadi <\/strong>e<strong> Fernanda Mendon\u00e7a Figueiredo <\/strong>(<strong>Innocenti Advogados<\/strong>), aborda a\u00a0digitaliza\u00e7\u00e3o da vida, a interconectividade global e novas formas de sociabilidade que imp\u00f5em ao Direito quest\u00f5es in\u00e9ditas, exigindo respostas.<\/p>\n<p>A publica\u00e7\u00e3o \u00e9 composta por 18 cap\u00edtulos escritos por juristas de diferentes pa\u00edses, incluindo Brasil, Portugal, Espanha, Fran\u00e7a, Argentina, \u00cdndia, Est\u00f4nia e Chile. <\/p>\n<p>Os textos abordam temas como regula\u00e7\u00e3o da intelig\u00eancia artificial, prote\u00e7\u00e3o de dados pessoais, atua\u00e7\u00e3o estatal em ambientes digitais e o tratamento jur\u00eddico de ativos virtuais.<\/p>\n<p>A colet\u00e2nea adota uma abordagem comparada e cr\u00edtica, utilizando o Direito comparado como ferramenta para compreender e repensar solu\u00e7\u00f5es jur\u00eddicas contempor\u00e2neas. A an\u00e1lise de diferentes ordenamentos permite identificar padr\u00f5es, destacar contrastes e propor alternativas, com aten\u00e7\u00e3o \u00e0s especificidades locais e \u00e0s din\u00e2micas globais.<\/p>\n<p>O livro re\u00fane textos que refletem o pensamento cr\u00edtico e inovador de uma nova gera\u00e7\u00e3o de juristas. Com conte\u00fado aprofundado e linguagem acess\u00edvel, o livro oferece uma contribui\u00e7\u00e3o relevante para o debate sobre o futuro do Direito na era digital.\u00a0<\/p>\n<p>A coordenadora <strong>Fernanda Mendon\u00e7a Figueiredo\u00a0<\/strong>ofereceu dois exemplares para sorteio entre os leitores do Migalhas.<\/p>\n<p><img decoding=\"async\" alt=\" (Imagem: Arte Migalhas)\" title=\"Sorteio da obra \" era=\"\" digital=\"\" desafios=\"\" do=\"\" direito=\"\" em=\"\" perspectiva=\"\" comparada=\"\" width=\"878\" height=\"498\" loading=\"lazy\" src=\"https:\/\/www.europesays.com\/pt\/wp-content\/uploads\/2025\/09\/1759150700_4_https__img.migalhas.com.br__SL__gf_base__SL__empresas__SL__MIGA__SL__imagens__SL__2025__SL__09__SL__.jpeg\" style=\"display: block; margin-left: auto; margin-right: auto;\"\/> <\/p>\n<p>Sorteio da obra &#8220;Era Digital &#8211; Desafios do Direito em Perspectiva Comparada&#8221;.(Imagem: Arte Migalhas)<\/p>\n<p>Sobre as coordenadoras:<\/p>\n<p><strong style=\"font-size: 18.6667px;\">Ana Carolina Sebba Donadi\u00a0<\/strong>\u00e9 doutoranda e mestre em Direito. Especialista em Direito Contratual, Societ\u00e1rio, Consumidor e Tribut\u00e1rio. Coordenadora jur\u00eddica na S\u00e3o Jorge Shopping da Constru\u00e7\u00e3o Ltda. Vice-presidente da AGET.<\/p>\n<p><strong style=\"font-size: 18.6667px;\">Fernanda Mendon\u00e7a Figueiredo <\/strong>\u00e9 graduada\u00a0em Direito pela Faculdade de Direito Milton Campos. Possui especializa\u00e7\u00e3o em\u00a0Direito Processual Civil pela Universidade Gama Filho.\u00a0Mestre em Direito Constitucional pelo IDP.\u00a0Doutoranda em Direito Constitucional, pelo mesmo Instituto.<\/p>\n<p><strong style=\"font-size: 18.6667px;\"><a href=\"https:\/\/s.migalhas.com.br\/S\/8B7C2D\" target=\"_blank\" rel=\"nofollow noopener\"><img decoding=\"async\" alt=\"Innocenti Advogados\" width=\"200\" height=\"120\" loading=\"lazy\" src=\"https:\/\/www.europesays.com\/pt\/wp-content\/uploads\/2025\/09\/E7F952.jpeg\" style=\"float: right;\"\/><\/a><\/strong><\/p>\n","protected":false},"excerpt":{"rendered":"A obra coletiva &#8220;Era Digital &#8211; Desafios do Direito em Perspectiva Comparada&#8221;\u00a0(Editora Amanuense,\u00a0268p.), organizada por Manuellita Hermes e&hellip;\n","protected":false},"author":2,"featured_media":91501,"comment_status":"","ping_status":"","sticky":false,"template":"","format":"standard","meta":{"footnotes":""},"categories":[143],"tags":[169,8171,3726,9029,114,115,2172,22882,170,22883,32,33,22884,22885,110],"class_list":{"0":"post-91500","1":"post","2":"type-post","3":"status-publish","4":"format-standard","5":"has-post-thumbnail","7":"category-livros","8":"tag-books","9":"tag-desafios","10":"tag-digitalizacao","11":"tag-direito","12":"tag-entertainment","13":"tag-entretenimento","14":"tag-inovacao","15":"tag-interconectividade","16":"tag-livros","17":"tag-perspectiva-comparada","18":"tag-portugal","19":"tag-pt","20":"tag-regulacao","21":"tag-sociabilidade","22":"tag-tecnologia"},"share_on_mastodon":{"url":"","error":""},"_links":{"self":[{"href":"https:\/\/www.europesays.com\/pt\/wp-json\/wp\/v2\/posts\/91500","targetHints":{"allow":["GET"]}}],"collection":[{"href":"https:\/\/www.europesays.com\/pt\/wp-json\/wp\/v2\/posts"}],"about":[{"href":"https:\/\/www.europesays.com\/pt\/wp-json\/wp\/v2\/types\/post"}],"author":[{"embeddable":true,"href":"https:\/\/www.europesays.com\/pt\/wp-json\/wp\/v2\/users\/2"}],"replies":[{"embeddable":true,"href":"https:\/\/www.europesays.com\/pt\/wp-json\/wp\/v2\/comments?post=91500"}],"version-history":[{"count":0,"href":"https:\/\/www.europesays.com\/pt\/wp-json\/wp\/v2\/posts\/91500\/revisions"}],"wp:featuredmedia":[{"embeddable":true,"href":"https:\/\/www.europesays.com\/pt\/wp-json\/wp\/v2\/media\/91501"}],"wp:attachment":[{"href":"https:\/\/www.europesays.com\/pt\/wp-json\/wp\/v2\/media?parent=91500"}],"wp:term":[{"taxonomy":"category","embeddable":true,"href":"https:\/\/www.europesays.com\/pt\/wp-json\/wp\/v2\/categories?post=91500"},{"taxonomy":"post_tag","embeddable":true,"href":"https:\/\/www.europesays.com\/pt\/wp-json\/wp\/v2\/tags?post=91500"}],"curies":[{"name":"wp","href":"https:\/\/api.w.org\/{rel}","templated":true}]}}