{"id":91516,"date":"2025-09-29T13:09:43","date_gmt":"2025-09-29T13:09:43","guid":{"rendered":"https:\/\/www.europesays.com\/pt\/91516\/"},"modified":"2025-09-29T13:09:43","modified_gmt":"2025-09-29T13:09:43","slug":"psp-detem-individuo-armado-na-mesquita-da-damaia-crime","status":"publish","type":"post","link":"https:\/\/www.europesays.com\/pt\/91516\/","title":{"rendered":"PSP det\u00e9m indiv\u00edduo armado na mesquita da Damaia | Crime"},"content":{"rendered":"<p>Um homem de 22 anos, que estava armado com duas facas, foi detido na madrugada deste domingo por amea\u00e7as de morte e danos provocados numa Mesquita na Damaia, concelho da Amadora, informou a Pol\u00edcia de Seguran\u00e7a P\u00fablica (PSP).<\/p>\n<p>Segundo um comunicado do Comando Metropolitano de Lisboa (Cometlis) da <a href=\"https:\/\/www.publico.pt\/psp\" rel=\"nofollow noopener\" target=\"_blank\">PSP<\/a>, o suspeito foi detido &#8220;em flagrante delito&#8221; pelas 5h20 por elementos da Pol\u00edcia de Seguran\u00e7a P\u00fablica (PSP) da Divis\u00e3o Policial da Amadora.<\/p>\n<p>A deten\u00e7\u00e3o ocorreu na sequ\u00eancia de uma chamada para o 112, &#8220;dando conta de um indiv\u00edduo a causar dist\u00farbios no interior do <a href=\"https:\/\/www.publico.pt\/2021\/05\/10\/mundo\/noticia\/nova-noite-violencia-junto-mesquita-alaqsa-jerusalem-1961871\" rel=\"nofollow noopener\" target=\"_blank\">local de culto<\/a>, empunhando armas brancas&#8221;.<\/p>\n<p>&#8220;\u00c0 chegada, os pol\u00edcias ouviram gritos no interior e avan\u00e7aram para uma entrada t\u00e1ctica, de forma a garantir a seguran\u00e7a dos pr\u00f3prios e de terceiros que ali se pudessem encontrar&#8221;, acrescenta.<\/p>\n<p>Na mesma nota, o Cometlis refere ainda que o suspeito \u00e9 um cidad\u00e3o estrangeiro e est\u00e1 &#8220;agora detido nas \u00e1reas de deten\u00e7\u00e3o do Comando Metropolitano de <a href=\"https:\/\/www.publico.pt\/lisboa\" rel=\"nofollow noopener\" target=\"_blank\">Lisboa<\/a>&#8220;, para ser presente a um primeiro interrogat\u00f3rio judicial no Tribunal, sob suspeita da pr\u00e1tica de crimes de amea\u00e7a agravada e dano qualificado.<\/p>\n<p>Segundo as testemunhas citadas no comunicado, &#8220;o homem ter\u00e1 proferido amea\u00e7as de morte e provocado danos significativos no interior da mesquita, incluindo a destrui\u00e7\u00e3o de janelas e outros bens. A v\u00edtima principal, um dos respons\u00e1veis religiosos, conseguiu proteger-se barricando-se num compartimento at\u00e9 \u00e0 chegada da PSP&#8221;.<\/p>\n<p>A ocorr\u00eancia foi registada na Mesquita da Damaia \u2013 Masjid Sayyiduna Abu Bakr Siddiq RA, na Amadora, e n\u00e3o h\u00e1 registo de feridos. A PSP refere ainda que as armas brancas foram apreendidas e os danos documentados para efeitos de investiga\u00e7\u00e3o.<\/p>\n","protected":false},"excerpt":{"rendered":"Um homem de 22 anos, que estava armado com duas facas, foi detido na madrugada deste domingo por&hellip;\n","protected":false},"author":2,"featured_media":91517,"comment_status":"","ping_status":"","sticky":false,"template":"","format":"standard","meta":{"footnotes":""},"categories":[8],"tags":[27,28,604,15,16,14,603,25,26,797,352,21,22,12,13,19,20,32,23,24,1306,33,58,17,18,29,30,31],"class_list":{"0":"post-91516","1":"post","2":"type-post","3":"status-publish","4":"format-standard","5":"has-post-thumbnail","7":"category-principais-noticias","8":"tag-breaking-news","9":"tag-breakingnews","10":"tag-crime","11":"tag-featured-news","12":"tag-featurednews","13":"tag-headlines","14":"tag-justica","15":"tag-latest-news","16":"tag-latestnews","17":"tag-lisboa","18":"tag-local","19":"tag-main-news","20":"tag-mainnews","21":"tag-news","22":"tag-noticias","23":"tag-noticias-principais","24":"tag-noticiasprincipais","25":"tag-portugal","26":"tag-principais-noticias","27":"tag-principaisnoticias","28":"tag-psp","29":"tag-pt","30":"tag-sociedade","31":"tag-top-stories","32":"tag-topstories","33":"tag-ultimas","34":"tag-ultimas-noticias","35":"tag-ultimasnoticias"},"share_on_mastodon":{"url":"","error":""},"_links":{"self":[{"href":"https:\/\/www.europesays.com\/pt\/wp-json\/wp\/v2\/posts\/91516","targetHints":{"allow":["GET"]}}],"collection":[{"href":"https:\/\/www.europesays.com\/pt\/wp-json\/wp\/v2\/posts"}],"about":[{"href":"https:\/\/www.europesays.com\/pt\/wp-json\/wp\/v2\/types\/post"}],"author":[{"embeddable":true,"href":"https:\/\/www.europesays.com\/pt\/wp-json\/wp\/v2\/users\/2"}],"replies":[{"embeddable":true,"href":"https:\/\/www.europesays.com\/pt\/wp-json\/wp\/v2\/comments?post=91516"}],"version-history":[{"count":0,"href":"https:\/\/www.europesays.com\/pt\/wp-json\/wp\/v2\/posts\/91516\/revisions"}],"wp:featuredmedia":[{"embeddable":true,"href":"https:\/\/www.europesays.com\/pt\/wp-json\/wp\/v2\/media\/91517"}],"wp:attachment":[{"href":"https:\/\/www.europesays.com\/pt\/wp-json\/wp\/v2\/media?parent=91516"}],"wp:term":[{"taxonomy":"category","embeddable":true,"href":"https:\/\/www.europesays.com\/pt\/wp-json\/wp\/v2\/categories?post=91516"},{"taxonomy":"post_tag","embeddable":true,"href":"https:\/\/www.europesays.com\/pt\/wp-json\/wp\/v2\/tags?post=91516"}],"curies":[{"name":"wp","href":"https:\/\/api.w.org\/{rel}","templated":true}]}}