{"id":91563,"date":"2025-09-29T13:45:21","date_gmt":"2025-09-29T13:45:21","guid":{"rendered":"https:\/\/www.europesays.com\/pt\/91563\/"},"modified":"2025-09-29T13:45:21","modified_gmt":"2025-09-29T13:45:21","slug":"pais-de-alunos-mortos-por-queda-de-estrutura-recorrem-e-querem-camara-condenada","status":"publish","type":"post","link":"https:\/\/www.europesays.com\/pt\/91563\/","title":{"rendered":"Pais de alunos mortos por queda de estrutura recorrem e querem C\u00e2mara condenada"},"content":{"rendered":"<p>Os pais dos tr\u00eas alunos da Universidade do Minho que morreram em 2014, em consequ\u00eancia da queda de uma estrutura exterior de caixas de correio de um pr\u00e9dio em Gualtar, Braga, discordam da senten\u00e7a do Tribunal Administrativo de Braga, na parte que concerne \u00e0 absolvi\u00e7\u00e3o do Munic\u00edpio. &#8220;As circunst\u00e2ncias f\u00e1cticas apuradas mediante a prova realizada e o direito aplic\u00e1vel impunham, tamb\u00e9m, a condena\u00e7\u00e3o do Munic\u00edpio no pedido&#8221;, dizem, no recurso interposto junto do Tribunal Central Administrativo do Norte.<\/p>\n<p data-remotead-prev-elm=\"true\" data-remotead-elm-id=\"inread\">Em junho, e conforme o JN noticiou, o tribunal concordou com o pedido de indemniza\u00e7\u00e3o feito pelas tr\u00eas fam\u00edlias, condenando a empresa que geria o condom\u00ednio e a seguradora a pagarem-lhe 450 mil euros, 150 mil a cada uma.<\/p>\n<p>Acesso exclusivo a assinantes<\/p>\n<p>Acesso ilimitado a conte\u00fados exclusivos<\/p>\n<p>Navega\u00e7\u00e3o sem publicidade intrusiva<\/p>\n<p>Vers\u00e3o digital do jornal, suplementos e revistas<\/p>\n","protected":false},"excerpt":{"rendered":"Os pais dos tr\u00eas alunos da Universidade do Minho que morreram em 2014, em consequ\u00eancia da queda de&hellip;\n","protected":false},"author":2,"featured_media":91564,"comment_status":"","ping_status":"","sticky":false,"template":"","format":"standard","meta":{"footnotes":""},"categories":[10],"tags":[59,1912,27,28,22615,15,16,14,25,26,352,21,22,12,13,19,20,32,23,24,33,17,18,29,30,31],"class_list":{"0":"post-91563","1":"post","2":"type-post","3":"status-publish","4":"format-standard","5":"has-post-thumbnail","7":"category-portugal","8":"tag-acidente","9":"tag-braga","10":"tag-breaking-news","11":"tag-breakingnews","12":"tag-concelho-braga","13":"tag-featured-news","14":"tag-featurednews","15":"tag-headlines","16":"tag-latest-news","17":"tag-latestnews","18":"tag-local","19":"tag-main-news","20":"tag-mainnews","21":"tag-news","22":"tag-noticias","23":"tag-noticias-principais","24":"tag-noticiasprincipais","25":"tag-portugal","26":"tag-principais-noticias","27":"tag-principaisnoticias","28":"tag-pt","29":"tag-top-stories","30":"tag-topstories","31":"tag-ultimas","32":"tag-ultimas-noticias","33":"tag-ultimasnoticias"},"share_on_mastodon":{"url":"","error":""},"_links":{"self":[{"href":"https:\/\/www.europesays.com\/pt\/wp-json\/wp\/v2\/posts\/91563","targetHints":{"allow":["GET"]}}],"collection":[{"href":"https:\/\/www.europesays.com\/pt\/wp-json\/wp\/v2\/posts"}],"about":[{"href":"https:\/\/www.europesays.com\/pt\/wp-json\/wp\/v2\/types\/post"}],"author":[{"embeddable":true,"href":"https:\/\/www.europesays.com\/pt\/wp-json\/wp\/v2\/users\/2"}],"replies":[{"embeddable":true,"href":"https:\/\/www.europesays.com\/pt\/wp-json\/wp\/v2\/comments?post=91563"}],"version-history":[{"count":0,"href":"https:\/\/www.europesays.com\/pt\/wp-json\/wp\/v2\/posts\/91563\/revisions"}],"wp:featuredmedia":[{"embeddable":true,"href":"https:\/\/www.europesays.com\/pt\/wp-json\/wp\/v2\/media\/91564"}],"wp:attachment":[{"href":"https:\/\/www.europesays.com\/pt\/wp-json\/wp\/v2\/media?parent=91563"}],"wp:term":[{"taxonomy":"category","embeddable":true,"href":"https:\/\/www.europesays.com\/pt\/wp-json\/wp\/v2\/categories?post=91563"},{"taxonomy":"post_tag","embeddable":true,"href":"https:\/\/www.europesays.com\/pt\/wp-json\/wp\/v2\/tags?post=91563"}],"curies":[{"name":"wp","href":"https:\/\/api.w.org\/{rel}","templated":true}]}}