{"id":91585,"date":"2025-09-29T14:00:11","date_gmt":"2025-09-29T14:00:11","guid":{"rendered":"https:\/\/www.europesays.com\/pt\/91585\/"},"modified":"2025-09-29T14:00:11","modified_gmt":"2025-09-29T14:00:11","slug":"metade-da-populacao-portuguesa-esta-descontente-com-a-vida-sexual","status":"publish","type":"post","link":"https:\/\/www.europesays.com\/pt\/91585\/","title":{"rendered":"Metade da popula\u00e7\u00e3o portuguesa est\u00e1 descontente com a vida sexual"},"content":{"rendered":"<p>Intitulado &#8220;Vamos falar sobre sexo, sexualidade e sa\u00fade&#8221;, o documento serve como um guia para desmistificar a sexualidade. Deste modo, explica os fatores que a influenciam e a sua import\u00e2ncia ao longo da vida, desconstruindo mitos comuns.<\/p>\n<p data-remotead-prev-elm=\"true\" data-remotead-elm-id=\"inread\">De acordo com os dados divulgados, c<strong>erca de 30% dos homens e 40% das mulheres experienciam algum tipo de disfun\u00e7\u00e3o sexual<\/strong>, n\u00famero que pode chegar aos 70% ap\u00f3s os 65 anos. Entre os problemas mais comuns est\u00e3o o baixo desejo sexual (10,6%) e disfun\u00e7\u00e3o er\u00e9til (10,4%). No espectro masculino \u00e9 tamb\u00e9m assinalada a ejacula\u00e7\u00e3o precoce (11,7%), enquanto as mulheres referem dificuldades em atingir o orgasmo (11,3%) e dor sexual (10,7%).<\/p>\n<p>As estat\u00edsticas sobre a sa\u00fade sexual portuguesa apontam para um <strong>aumento das infe\u00e7\u00f5es sexualmente transmiss\u00edveis entre os jovens<\/strong> &#8211; &#8220;aumentaram 11 vezes entre 2013 e 2023&#8221; &#8211; situa\u00e7\u00f5es de <strong>viol\u00eancia sexual<\/strong> &#8211; &#8220;uma em cada sete mulheres e um em cada 25 homens j\u00e1 foi v\u00edtima&#8221; &#8211; e para a dificuldade no acesso a cuidados de sa\u00fade sexual: &#8220;seis em cada 10 pessoas enfrentam barreiras no acesso a cuidados&#8221;.<\/p>\n<p data-remotead-prev-elm=\"true\" data-remotead-elm-id=\"centro1\">A OPP defende ainda que &#8220;negligenciar a sa\u00fade sexual tem custos humanos, sociais e econ\u00f3micos elevados&#8221;, deixando recomenda\u00e7\u00f5es estrat\u00e9gicas para a constru\u00e7\u00e3o de pol\u00edticas p\u00fablicas como a integra\u00e7\u00e3o da \u00e1rea nos planos de sa\u00fade p\u00fablica, a promo\u00e7\u00e3o da literacia, a garantia de acesso a cuidados de sa\u00fade sexual e a promo\u00e7\u00e3o de locais de trabalho saud\u00e1veis, de modo a prevenir o ass\u00e9dio e a viol\u00eancia sexual.<\/p>\n<p>O documento sublinha tamb\u00e9m <strong>a import\u00e2ncia da educa\u00e7\u00e3o sexual nas escolas<\/strong>, revelando efeitos ben\u00e9ficos para os jovens, alerta para os riscos da &#8220;exposi\u00e7\u00e3o precoce&#8221; \u00e0 pornografia e explica os efeitos da sexualidade na inf\u00e2ncia e adolesc\u00eancia, deixando algumas dicas de como abordar a tem\u00e1tica com os mais novos.<\/p>\n<p data-remotead-prev-elm=\"true\" data-remotead-elm-id=\"centro2\">A pensar em todas as idades, lembra que a sexualidade &#8220;n\u00e3o \u00e9 est\u00e1tica, mas evolui ao longo das diferentes fases da vida, refletindo mudan\u00e7as f\u00edsicas e psicol\u00f3gicas, experi\u00eancias e rela\u00e7\u00f5es com as outras pessoas&#8221; e reflete o modo como esta \u00e9 influenciada &#8220;pela fam\u00edlia, pelas pessoas \u00e0 nossa volta e pelos media, que moldam perce\u00e7\u00f5es sobre o que \u00e9 certo ou errado, normal ou aceit\u00e1vel em rela\u00e7\u00e3o ao corpo, ao desejo, ao prazer e \u00e0s rela\u00e7\u00f5es.&#8221;<\/p>\n<p>A OPP afirma ainda que &#8220;a aus\u00eancia de pol\u00edticas eficazes perpetua o sofrimento, a viol\u00eancia, a desinforma\u00e7\u00e3o e a exclus\u00e3o&#8221; e que &#8220;muitas dificuldades e problemas de sa\u00fade sexual podem ser prevenidos atrav\u00e9s do acesso a educa\u00e7\u00e3o sexual, abrangente e inclusiva, ou resolvidos com recurso a ajuda profissional.&#8221;<\/p>\n","protected":false},"excerpt":{"rendered":"Intitulado &#8220;Vamos falar sobre sexo, sexualidade e sa\u00fade&#8221;, o documento serve como um guia para desmistificar a sexualidade.&hellip;\n","protected":false},"author":2,"featured_media":91586,"comment_status":"","ping_status":"","sticky":false,"template":"","format":"standard","meta":{"footnotes":""},"categories":[10],"tags":[27,28,15,16,14,25,26,21,22,619,12,13,19,20,22906,32,23,24,33,17,18,29,30,31,22905],"class_list":{"0":"post-91585","1":"post","2":"type-post","3":"status-publish","4":"format-standard","5":"has-post-thumbnail","7":"category-portugal","8":"tag-breaking-news","9":"tag-breakingnews","10":"tag-featured-news","11":"tag-featurednews","12":"tag-headlines","13":"tag-latest-news","14":"tag-latestnews","15":"tag-main-news","16":"tag-mainnews","17":"tag-nacional","18":"tag-news","19":"tag-noticias","20":"tag-noticias-principais","21":"tag-noticiasprincipais","22":"tag-ordem-dos-psicologos","23":"tag-portugal","24":"tag-principais-noticias","25":"tag-principaisnoticias","26":"tag-pt","27":"tag-top-stories","28":"tag-topstories","29":"tag-ultimas","30":"tag-ultimas-noticias","31":"tag-ultimasnoticias","32":"tag-vida-sexual"},"share_on_mastodon":{"url":"","error":""},"_links":{"self":[{"href":"https:\/\/www.europesays.com\/pt\/wp-json\/wp\/v2\/posts\/91585","targetHints":{"allow":["GET"]}}],"collection":[{"href":"https:\/\/www.europesays.com\/pt\/wp-json\/wp\/v2\/posts"}],"about":[{"href":"https:\/\/www.europesays.com\/pt\/wp-json\/wp\/v2\/types\/post"}],"author":[{"embeddable":true,"href":"https:\/\/www.europesays.com\/pt\/wp-json\/wp\/v2\/users\/2"}],"replies":[{"embeddable":true,"href":"https:\/\/www.europesays.com\/pt\/wp-json\/wp\/v2\/comments?post=91585"}],"version-history":[{"count":0,"href":"https:\/\/www.europesays.com\/pt\/wp-json\/wp\/v2\/posts\/91585\/revisions"}],"wp:featuredmedia":[{"embeddable":true,"href":"https:\/\/www.europesays.com\/pt\/wp-json\/wp\/v2\/media\/91586"}],"wp:attachment":[{"href":"https:\/\/www.europesays.com\/pt\/wp-json\/wp\/v2\/media?parent=91585"}],"wp:term":[{"taxonomy":"category","embeddable":true,"href":"https:\/\/www.europesays.com\/pt\/wp-json\/wp\/v2\/categories?post=91585"},{"taxonomy":"post_tag","embeddable":true,"href":"https:\/\/www.europesays.com\/pt\/wp-json\/wp\/v2\/tags?post=91585"}],"curies":[{"name":"wp","href":"https:\/\/api.w.org\/{rel}","templated":true}]}}