{"id":91591,"date":"2025-09-29T14:05:09","date_gmt":"2025-09-29T14:05:09","guid":{"rendered":"https:\/\/www.europesays.com\/pt\/91591\/"},"modified":"2025-09-29T14:05:09","modified_gmt":"2025-09-29T14:05:09","slug":"joana-faz-comunicado-aos-colegas-e-ameaca-vou-as-malas-secret-story","status":"publish","type":"post","link":"https:\/\/www.europesays.com\/pt\/91591\/","title":{"rendered":"Joana faz comunicado aos colegas e amea\u00e7a: \u00abVou \u00e0s malas\u00bb &#8211; Secret Story"},"content":{"rendered":"<p>No <strong><a href=\"https:\/\/tvi.iol.pt\/secretstory\/\" rel=\"nofollow noopener\" target=\"_blank\">Secret Story 9<\/a><\/strong>,\u00a0Joana chamou a aten\u00e7\u00e3o de todos para o desaparecimento de ingredientes que ia utilizar para fazer um pudim para os colegas. A concorrente deixou um aviso: caso n\u00e3o aparecessem ou ningu\u00e9m se pronunciasse, iria procur\u00e1-los nas malas de todos.<\/p>\n<p>A \u00faltima gala do <strong>Secret Story &#8211; Casa dos Segredos 9<\/strong> ficou marcada pela<a href=\"http:\/\/tvi.iol.pt\/secretstory\/noivo-ze\/liliana\/como-vai-ser-o-futuro-de-liliana-e-do-noivo-ze-so-ela-mostrando\" rel=\"nofollow noopener\" target=\"_blank\"> <strong>visita inesperada de Z\u00e9, o noivo de Liliana<\/strong><\/a>, mas a cadeira quente do p\u00f3s-gala foi igualmente tensa. Liliana continuou no centro das aten\u00e7\u00f5es, mas desta vez <strong>a contracena foi feita por Dylan<\/strong>, que n\u00e3o deixou nada por dizer \u00e0quela que j\u00e1 foi uma grande amiga.\u00a0<\/p>\n<p>Liliana e Dylan est\u00e3o cada vez mais afastados. <strong>Dylan condena a colega por manter uma rela\u00e7\u00e3o de proximidade com F\u00e1bio<\/strong> tendo namorado c\u00e1 fora, <a href=\"https:\/\/tvi.iol.pt\/secretstory\/videos\/dylan-em-confronto-olhos-nos-olhos-com-liliana-tinha-vergonha-se-a-minha-irma-fosse-como-tu\/68da31f80cf285ab53a5fd7f\" rel=\"nofollow noopener\" target=\"_blank\">mas na cadeira quente os \u00e2nimos exaltaram-se e o concorrente acabou por se levantar para confrontar a concorrente.<\/a><\/p>\n<p data-end=\"2223\" data-start=\"2040\"><strong>Veja mais:<\/strong><\/p>\n<p><a href=\"https:\/\/tvi.iol.pt\/secretstory\/aominuto\" target=\"_blank\" rel=\"nofollow noopener\">Acompanhe tudo\u00a0ao minuto<\/a><\/p>\n<p>\u00a0<\/p>\n","protected":false},"excerpt":{"rendered":"No Secret Story 9,\u00a0Joana chamou a aten\u00e7\u00e3o de todos para o desaparecimento de ingredientes que ia utilizar para&hellip;\n","protected":false},"author":2,"featured_media":91592,"comment_status":"","ping_status":"","sticky":false,"template":"","format":"standard","meta":{"footnotes":""},"categories":[142],"tags":[114,115,19033,19091,19034,32,33,151,19032],"class_list":{"0":"post-91591","1":"post","2":"type-post","3":"status-publish","4":"format-standard","5":"has-post-thumbnail","7":"category-tv","8":"tag-entertainment","9":"tag-entretenimento","10":"tag-galas-em-video","11":"tag-joana","12":"tag-melhores-momentos-casa-dos-segredos","13":"tag-portugal","14":"tag-pt","15":"tag-tv","16":"tag-videos-secret-story-tvi"},"share_on_mastodon":{"url":"","error":""},"_links":{"self":[{"href":"https:\/\/www.europesays.com\/pt\/wp-json\/wp\/v2\/posts\/91591","targetHints":{"allow":["GET"]}}],"collection":[{"href":"https:\/\/www.europesays.com\/pt\/wp-json\/wp\/v2\/posts"}],"about":[{"href":"https:\/\/www.europesays.com\/pt\/wp-json\/wp\/v2\/types\/post"}],"author":[{"embeddable":true,"href":"https:\/\/www.europesays.com\/pt\/wp-json\/wp\/v2\/users\/2"}],"replies":[{"embeddable":true,"href":"https:\/\/www.europesays.com\/pt\/wp-json\/wp\/v2\/comments?post=91591"}],"version-history":[{"count":0,"href":"https:\/\/www.europesays.com\/pt\/wp-json\/wp\/v2\/posts\/91591\/revisions"}],"wp:featuredmedia":[{"embeddable":true,"href":"https:\/\/www.europesays.com\/pt\/wp-json\/wp\/v2\/media\/91592"}],"wp:attachment":[{"href":"https:\/\/www.europesays.com\/pt\/wp-json\/wp\/v2\/media?parent=91591"}],"wp:term":[{"taxonomy":"category","embeddable":true,"href":"https:\/\/www.europesays.com\/pt\/wp-json\/wp\/v2\/categories?post=91591"},{"taxonomy":"post_tag","embeddable":true,"href":"https:\/\/www.europesays.com\/pt\/wp-json\/wp\/v2\/tags?post=91591"}],"curies":[{"name":"wp","href":"https:\/\/api.w.org\/{rel}","templated":true}]}}