{"id":91651,"date":"2025-09-29T14:39:16","date_gmt":"2025-09-29T14:39:16","guid":{"rendered":"https:\/\/www.europesays.com\/pt\/91651\/"},"modified":"2025-09-29T14:39:16","modified_gmt":"2025-09-29T14:39:16","slug":"o-que-sabemos-sobre-o-cometa-3i-atlas-ate-agora-a-astrofisica-roberta-duarte-explica-detalhes","status":"publish","type":"post","link":"https:\/\/www.europesays.com\/pt\/91651\/","title":{"rendered":"O que sabemos sobre o cometa 3I\/ATLAS at\u00e9 agora? A astrof\u00edsica Roberta Duarte explica detalhes"},"content":{"rendered":"<p> <img decoding=\"async\" fetchpriority=\"high\" src=\"https:\/\/www.europesays.com\/pt\/wp-content\/uploads\/2025\/09\/entenda-tudo-sobre-o-cometa-3i-atlas-a-astrofisica-roberta-duarte-explica-detalhes-1759078926273_102.png\"  width=\"768\" height=\"432\" alt=\"O cometa interestelar foi observado em detalhes por diferentes telesc\u00f3pios, inclusive pelo telesc\u00f3pio Hubble que conseguiu obter um vislumbre da cauda. Cr\u00e9dito: Hubble\/NASA\" title=\"O cometa interestelar foi observado em detalhes por diferentes telesc\u00f3pios, inclusive pelo telesc\u00f3pio Hubble que conseguiu obter um vislumbre da cauda. Cr\u00e9dito: Hubble\/NASA\" data-image=\"jnxcynqrcj7q\"\/>O cometa interestelar foi observado em detalhes por diferentes telesc\u00f3pios, inclusive pelo telesc\u00f3pio Hubble que conseguiu obter um vislumbre da cauda. Cr\u00e9dito: Hubble\/NASA   <img decoding=\"async\" fetchpriority=\"high\" src=\"https:\/\/www.europesays.com\/pt\/wp-content\/uploads\/2025\/07\/roberta-duarte.jpg\" alt=\"Roberta Duarte\" width=\"40\" height=\"40\"\/>    <a class=\"nombre text-hv\" href=\"https:\/\/www.tempo.com\/autor\/roberta-duarte\/\" title=\"Roberta Duarte\" rel=\"nofollow noopener\" target=\"_blank\">Roberta Duarte<\/a>       29\/09\/2025 11:07   7 min   <\/p>\n<p>O cometa 3I\/ATLAS foi descoberto no dia 1\u00ba de julho desse ano atrav\u00e9s de observa\u00e7\u00f5es do observat\u00f3rio Asteroid Terrestrial-impact Last Alert System (ATLAS) localizado no Chile. <strong>Ap\u00f3s alguns dias de observa\u00e7\u00e3o, astr\u00f4nomos j\u00e1 haviam estudado sua trajet\u00f3ria incomum e classificaram o objeto como um objeto interestelar, ou seja, que n\u00e3o tem origem no Sistema Solar. <\/strong>O objeto \u00e9 o terceiro visitante interestelar registrado pela humanidade e, por isso, \u00e9 uma oportunidade rara de estudar objetos distantes.<\/p>\n<p>Por ser um evento raro, a visita de um objeto interestelar, o 3I\/ATLAS rapidamente ganhou destaque na comunidade cient\u00edfica e na m\u00eddia. <strong>Dentro da comunidade cient\u00edfica, o \u00e2nimo vem principalmente por poder estudar pistas de um objeto formado em outra regi\u00e3o da Gal\u00e1xia.<\/strong> Isso quer dizer que estudar a composi\u00e7\u00e3o do 3I\/ATLAS nos diz muito sobre a forma\u00e7\u00e3o e a distribui\u00e7\u00e3o qu\u00edmica na Gal\u00e1xia. <\/p>\n<p><a class=\"imagen \" href=\"https:\/\/www.tempo.com\/noticias\/actualidade\/mais-dados-da-nasa-sobre-o-objeto-interestelar-3i-atlas-perguntas-e-respostas.html\" title=\"Mais dados da NASA sobre o objeto interestelar 3I\/ATLAS: perguntas e respostas\" rel=\"nofollow noopener\" target=\"_blank\"><img loading=\"lazy\" decoding=\"async\" fetchpriority=\"low\" class=\"lazy img-body non-editable\" src=\"https:\/\/www.europesays.com\/pt\/wp-content\/uploads\/2025\/09\/objeto-celeste-interestelar-3i-atlas-1755229818566_320.png\"  width=\"320\" height=\"225\" alt=\"Mais dados da NASA sobre o objeto interestelar 3I\/ATLAS: perguntas e respostas\"\/><\/a><\/p>\n<p>Como a descoberta do cometa \u00e9 recente e as observa\u00e7\u00f5es foram ficando mais detalhadas nos \u00faltimos meses, surgiram muitas d\u00favidas e informa\u00e7\u00f5es desencontradas sobre o cometa 3I\/ATLAS. <strong>Desde quest\u00f5es sobre sua composi\u00e7\u00e3o, trajet\u00f3ria e poss\u00edvel atividade, at\u00e9 especula\u00e7\u00f5es, o tema tem gerado bastante discuss\u00e3o.<\/strong> Para esclarecer as informa\u00e7\u00f5es, a astrof\u00edsica Dra. Roberta Duarte ir\u00e1 responder \u00e0s perguntas mais comuns sobre o 3I\/ATLAS.<\/p>\n<p>O que \u00e9 e como foi descoberto?<\/p>\n<p>O objeto 3I\/ATLAS foi observado pela primeira vez em 1\u00ba de julho de 2025 pelo observat\u00f3rio ATLAS que est\u00e1 localizado no Chile.<strong> Apesar da observa\u00e7\u00e3o inicial ter sido feita pelo ATLAS, outros telesc\u00f3pios e observat\u00f3rios, incluindo Hubble e James Webb, j\u00e1 observaram o cometa atr\u00e1s de dados. <\/strong>Com a trajet\u00f3ria e velocidade incomuns, logo os astr\u00f4nomos classificaram o objeto como interestelar, ou seja, que surgiu fora do Sistema Solar.<\/p>\n<p><strong>O nome 3I\/ATLAS vem do fato que ele \u00e9 o terceiro (3) objeto classificado como interestelar (I) e descoberto pelo observat\u00f3rio ATLAS. <\/strong><\/p>\n<p>Ele \u00e9 o terceiro desse tipo j\u00e1 observado, depois de 1I\/\u02bbOumuamua em 2017 e 2I\/Borisov em 2019. As observa\u00e7\u00f5es posteriores trouxeram alguns dados mais detalhados sobre o cometa. Segundo o<a href=\"https:\/\/www.esa.int\/Science_Exploration\/Space_Science\/Comet_3I_ATLAS_frequently_asked_questions\" target=\"_blank\" rel=\"nofollow noopener\"> site oficial <\/a>da Ag\u00eancia Espacial Europeia (ESA), estima-se que o cometa tenha centenas de metros a alguns quil\u00f4metros de di\u00e2metro. <strong>Sua velocidade chega a cerca de 210 mil km\/h e se tornou a maior velocidade j\u00e1 registrada dentro do Sistema Solar.<\/strong><\/p>\n<p>Qual a origem dele?<\/p>\n<p>A trajet\u00f3ria do 3I\/ATLAS \u00e9 extremamente hiperb\u00f3lica, o que foi confirmado com dados do James Webb <a href=\"https:\/\/www.esa.int\/ESA_Multimedia\/Images\/2025\/08\/Webb_observations_of_interstellar_comet_3I_ATLAS\" target=\"_blank\" rel=\"nofollow noopener\">divulgados no final de agosto<\/a>.<strong> Com a trajet\u00f3ria e a velocidade, o cometa foi rapidamente classificado como interestelar logo em julho e a classifica\u00e7\u00e3o foi confirmada diversas vezes em outras observa\u00e7\u00f5es<\/strong>. A velocidade dele \u00e9 muito superior \u00e0 de cometas ligados ao Sistema Solar e sua \u00f3rbita mostra que ele n\u00e3o est\u00e1 preso gravitacionalmente ao Sol. <\/p>\n<p>Para confirmar todas essas informa\u00e7\u00f5es que foram obtidas inicialmente, <strong>grupos de astr\u00f4nomos usaram o telesc\u00f3pio James Webb para observar o 3I\/ATLAS no dia 6 de agosto de 2025. <\/strong>Al\u00e9m do Webb, <a href=\"https:\/\/science.nasa.gov\/solar-system\/comets\/3i-atlas\/comet-3i-atlas-multimedia\/\" target=\"_blank\" rel=\"nofollow noopener\">o telesc\u00f3pio Hubble e a miss\u00e3o SPHEREx<\/a> tamb\u00e9m observaram o cometa, fornecendo informa\u00e7\u00f5es detalhadas sobre seu tamanho, composi\u00e7\u00e3o f\u00edsica e qu\u00edmica. <\/p>\n<p>Como sabemos que \u00e9 um cometa?<\/p>\n<p>O 3I\/ATLAS \u00e9 classificado como cometa porque apresenta todas as caracter\u00edsticas esperadas desse tipo de objeto. <strong>Ele tem uma composi\u00e7\u00e3o rica em gelo e poeira, que ao se aproximar do Sol libera gases e forma uma coma ao redor do n\u00facleo. <\/strong>Seu movimento e intera\u00e7\u00e3o com a radia\u00e7\u00e3o solar tamb\u00e9m s\u00e3o t\u00edpicos de cometas conhecidos. Sua trajet\u00f3ria determinada pela gravidade mostra que n\u00e3o h\u00e1 nenhuma caracter\u00edstica artificial.<\/p>\n<p><img loading=\"lazy\" decoding=\"async\" fetchpriority=\"low\" class=\"lazy \" src=\"https:\/\/www.europesays.com\/pt\/wp-content\/uploads\/2025\/09\/entenda-tudo-sobre-o-cometa-3i-atlas-a-astrofisica-roberta-duarte-explica-detalhes-1759078992056_102.png\"  width=\"768\" height=\"432\" alt=\"Simula\u00e7\u00f5es iniciais em julho mostraram a trajet\u00f3ria do cometa e, hoje, ap\u00f3s diversas observa\u00e7\u00f5es essa trajet\u00f3ria foi confirmada e o cometa passar\u00e1 atr\u00e1s do Sol no momento de maior aproxima\u00e7\u00e3o com a Terra. Cr\u00e9dito: NASA\" title=\"Simula\u00e7\u00f5es iniciais em julho mostraram a trajet\u00f3ria do cometa e, hoje, ap\u00f3s diversas observa\u00e7\u00f5es essa trajet\u00f3ria foi confirmada e o cometa passar\u00e1 atr\u00e1s do Sol no momento de maior aproxima\u00e7\u00e3o com a Terra. Cr\u00e9dito: NASA\" data-image=\"sg4oferd7qnf\"\/>Simula\u00e7\u00f5es iniciais em julho mostraram a trajet\u00f3ria do cometa e, hoje, ap\u00f3s diversas observa\u00e7\u00f5es essa trajet\u00f3ria foi confirmada e o cometa passar\u00e1 atr\u00e1s do Sol no momento de maior aproxima\u00e7\u00e3o com a Terra. Cr\u00e9dito: NASA<\/p>\n<p>Ele tem se comportado exatamente como um cometa e todas as observa\u00e7\u00f5es confirmam que se trata desse objeto.<strong> Outro ponto importante \u00e9 a idade estimada do 3I\/ATLAS que indica que ele vem vagando pelo espa\u00e7o h\u00e1 bilh\u00f5es de anos. <\/strong>Esse longo percurso explica tanto sua velocidade quanto seu desgaste natural, refor\u00e7ando a conclus\u00e3o de que se trata de um objeto natural e n\u00e3o artificial. N\u00e3o h\u00e1 qualquer evid\u00eancia que sugira origem tecnol\u00f3gica.<\/p>\n<p>Pode ser um perigo para a Terra?<\/p>\n<p>\u00c9 importante frisar que o cometa 3I\/ATLAS n\u00e3o representa nenhum perigo para a Terra.<strong> Isso porque ele n\u00e3o chegar\u00e1 a menos de 240 milh\u00f5es de quil\u00f4metros do nosso planeta e no momento da sua maior aproxima\u00e7\u00e3o estar\u00e1 do outro lado do Sol.<\/strong> Isso garante que n\u00e3o existe qualquer risco de colis\u00e3o. Ao final de outubro, ele entrar\u00e1 do outro lado do Sol e s\u00f3 voltaremos a observ\u00e1-lo no final do ano.<\/p>\n<p>Desde a sua descoberta, o 3I\/ATLAS vem sendo monitorado por diferentes observat\u00f3rios e telesc\u00f3pios. <strong>Todos os dados coletados confirmam que sua \u00f3rbita permanece consistente com o previsto, refor\u00e7ando o que foi encontrado em simula\u00e7\u00f5es iniciais em julho. <\/strong>Assim, o cometa permanece apenas como um objeto de interesse cient\u00edfico mas \u00e9 completamente inofensivo para a Terra e para os demais planetas do Sistema Solar.<\/p>\n","protected":false},"excerpt":{"rendered":"O cometa interestelar foi observado em detalhes por diferentes telesc\u00f3pios, inclusive pelo telesc\u00f3pio Hubble que conseguiu obter um&hellip;\n","protected":false},"author":2,"featured_media":91652,"comment_status":"","ping_status":"","sticky":false,"template":"","format":"standard","meta":{"footnotes":""},"categories":[84],"tags":[443,109,107,108,10495,121,10625,10626,4363,32,33,105,103,104,106,110],"class_list":{"0":"post-91651","1":"post","2":"type-post","3":"status-publish","4":"format-standard","5":"has-post-thumbnail","7":"category-ciencia-e-tecnologia","8":"tag-astronomia","9":"tag-ciencia","10":"tag-ciencia-e-tecnologia","11":"tag-cienciaetecnologia","12":"tag-cometa","13":"tag-fisica","14":"tag-hubble","15":"tag-interestelar","16":"tag-james-webb","17":"tag-portugal","18":"tag-pt","19":"tag-science","20":"tag-science-and-technology","21":"tag-scienceandtechnology","22":"tag-technology","23":"tag-tecnologia"},"share_on_mastodon":{"url":"","error":""},"_links":{"self":[{"href":"https:\/\/www.europesays.com\/pt\/wp-json\/wp\/v2\/posts\/91651","targetHints":{"allow":["GET"]}}],"collection":[{"href":"https:\/\/www.europesays.com\/pt\/wp-json\/wp\/v2\/posts"}],"about":[{"href":"https:\/\/www.europesays.com\/pt\/wp-json\/wp\/v2\/types\/post"}],"author":[{"embeddable":true,"href":"https:\/\/www.europesays.com\/pt\/wp-json\/wp\/v2\/users\/2"}],"replies":[{"embeddable":true,"href":"https:\/\/www.europesays.com\/pt\/wp-json\/wp\/v2\/comments?post=91651"}],"version-history":[{"count":0,"href":"https:\/\/www.europesays.com\/pt\/wp-json\/wp\/v2\/posts\/91651\/revisions"}],"wp:featuredmedia":[{"embeddable":true,"href":"https:\/\/www.europesays.com\/pt\/wp-json\/wp\/v2\/media\/91652"}],"wp:attachment":[{"href":"https:\/\/www.europesays.com\/pt\/wp-json\/wp\/v2\/media?parent=91651"}],"wp:term":[{"taxonomy":"category","embeddable":true,"href":"https:\/\/www.europesays.com\/pt\/wp-json\/wp\/v2\/categories?post=91651"},{"taxonomy":"post_tag","embeddable":true,"href":"https:\/\/www.europesays.com\/pt\/wp-json\/wp\/v2\/tags?post=91651"}],"curies":[{"name":"wp","href":"https:\/\/api.w.org\/{rel}","templated":true}]}}