{"id":91715,"date":"2025-09-29T15:27:16","date_gmt":"2025-09-29T15:27:16","guid":{"rendered":"https:\/\/www.europesays.com\/pt\/91715\/"},"modified":"2025-09-29T15:27:16","modified_gmt":"2025-09-29T15:27:16","slug":"ines-morais-rendida-a-concorrente-do-secret-story-9-gosto-tanto","status":"publish","type":"post","link":"https:\/\/www.europesays.com\/pt\/91715\/","title":{"rendered":"In\u00eas Morais rendida a concorrente do Secret Story 9: &#8220;Gosto tanto&#8230;&#8221;"},"content":{"rendered":"<p>\t\t\t\t\t\t\t\t\t\t\t\t<a href=\"#\" onclick=\"window.open('http:\/\/www.facebook.com\/sharer.php?u=https:\/\/cusquices.com\/ines-morais-rendida-a-concorrente-do-secret-story-9-gosto-tanto\/&amp;t=In\u00eas Morais rendida a concorrente do Secret Story 9: \u201cGosto tanto\u2026\u201d', 'facebookShare', 'width=626,height=436'); return false;\" title=\"Share on Facebook\"><\/p>\n<p>Share<\/p>\n<p><\/a><br \/>\n\t\t\t\t\t\t\t\t\t\t\t\t<a href=\"#\" onclick=\"window.open('http:\/\/twitter.com\/share?text=In\u00eas Morais rendida a concorrente do Secret Story 9: \u201cGosto tanto\u2026\u201d -&amp;url=https:\/\/cusquices.com\/ines-morais-rendida-a-concorrente-do-secret-story-9-gosto-tanto\/', 'twitterShare', 'width=626,height=436'); return false;\" title=\"Tweet This Post\"><\/p>\n<p>Tweet<\/p>\n<p><\/a><br \/>\n\t\t\t\t\t\t\t\t\t\t\t\t<a href=\"whatsapp:\/\/send?text=In\u00eas Morais rendida a concorrente do Secret Story 9: \u201cGosto tanto\u2026\u201d https:\/\/cusquices.com\/ines-morais-rendida-a-concorrente-do-secret-story-9-gosto-tanto\/\" rel=\"nofollow\"><\/p>\n<p>Share<\/p>\n<p><\/a><br \/>\n\t\t\t\t\t\t\t\t\t\t\t\t<a href=\"#\" onclick=\"window.open('http:\/\/pinterest.com\/pin\/create\/button\/?url=https:\/\/cusquices.com\/ines-morais-rendida-a-concorrente-do-secret-story-9-gosto-tanto\/&amp;media=https:\/\/cusquices.com\/wp-content\/uploads\/2025\/09\/inesmorais-1000x600.jpg&amp;description=In\u00eas Morais rendida a concorrente do Secret Story 9: \u201cGosto tanto\u2026\u201d', 'pinterestShare', 'width=750,height=350'); return false;\" title=\"Pin This Post\"><\/p>\n<p>Share<\/p>\n<p><\/a><br \/>\n\t\t\t\t\t\t\t\t\t\t\t\t<a href=\"mailto:?subject=In\u00eas Morais rendida a concorrente do Secret Story 9: \u201cGosto tanto\u2026\u201d&amp;BODY=I found this article interesting and thought of sharing it with you. Check it out: https:\/\/cusquices.com\/ines-morais-rendida-a-concorrente-do-secret-story-9-gosto-tanto\/\"><\/p>\n<p>Email<\/p>\n<p><\/a><br \/>\n\t\t\t\t\t\t\t\t\t\t\t\t\t\t\t\t\t\t\t\t\t\t\t\t\t\t\t\t\t\t\t\t\t\t\t\t\t\t\t\t\t\t\t\t\t\t\t\t\t\t\t\t\t<a href=\"https:\/\/cusquices.com\/ines-morais-rendida-a-concorrente-do-secret-story-9-gosto-tanto\/#respond\" rel=\"nofollow noopener\" target=\"_blank\"><\/p>\n<p>In\u00eas Morais elogia concorrente do Secret Story 9 e n\u00e3o esconde a sua prefer\u00eancia.<\/p>\n<p><strong>In\u00eas Morais<\/strong> acompanhou de perto a gala e o p\u00f3s-gala do Secret Story 9 e recorreu \u00e0s redes sociais para partilhar as suas opini\u00f5es. A comentadora da TVI destacou-se ao elogiar uma das concorrentes da casa, a quem deixou rasgados elogios pela postura no jogo.<\/p>\n<p>A bi-campe\u00e3 dos reality shows mostrou-se rendida a Bruna e confessou: <strong>\u201cGosto tanto desta mi\u00fada. Bruna\u201d<\/strong>. Mas In\u00eas n\u00e3o se ficou por aqui e reagiu aos confrontos de Bruna com Liliana \u201c<strong>Bruna 30 x -4 Liliana\u201d.<\/strong><\/p>\n<p>In\u00eas destacou ainda: <strong>\u201cEngra\u00e7ado que a Liliana passa-se com a Bruna que n\u00e3o lhe diz metade do que o Dylan lhe diz, e quando o Dylan fala (e bem) ela encolhe-se Hoje levas baile de todos na cadeira quente. Sentimentos todos t\u00eam amorz\u00e3o, podia acontecer a qualquer um, o que te falta \u00e9 humildade e no\u00e7\u00e3o\u201d.<\/strong><\/p>\n<p><img loading=\"lazy\" decoding=\"async\" width=\"1024\" height=\"169\" src=\"https:\/\/www.europesays.com\/pt\/wp-content\/uploads\/2025\/09\/inesm-bruna1-1-1024x169.png\" alt=\"\" class=\"wp-image-98878 webpexpress-processed\"  \/><\/p>\n<p><img loading=\"lazy\" decoding=\"async\" width=\"1024\" height=\"496\" data-id=\"98877\" src=\"https:\/\/www.europesays.com\/pt\/wp-content\/uploads\/2025\/09\/inesm-bruna2-1024x496.png\" alt=\"\" class=\"wp-image-98877 webpexpress-processed\"  \/><\/p>\n<p>L<strong>eia tamb\u00e9m:<\/strong><\/p>\n<p>\t\t\t\t\t\t\t\t\t\t\t\t\t\t\t\t\t\t\t\t\t\t\t\t\t<img decoding=\"async\" src=\"https:\/\/www.europesays.com\/pt\/wp-content\/uploads\/2025\/09\/1758443114_763_cusquices-logo-52x.png\" class=\"webpexpress-processed\"\/><\/p>\n<p>\t\t\t\t\t\t\t\t\t\t\t\t\t\t\t\t\t\t\t\t\t            \t\t\t\t\t\t\t\t\t\t\t\t\t\t\t\t\t\t\t\t\t\t\t\t\t\t\t\t\t\t\t\t\t\t\t\t\t\t\t<script async src=\"https:\/\/platform.twitter.com\/widgets.js\" charset=\"utf-8\"><\/script><\/p>\n","protected":false},"excerpt":{"rendered":"Share Tweet Share Share Email In\u00eas Morais elogia concorrente do Secret Story 9 e n\u00e3o esconde a sua&hellip;\n","protected":false},"author":2,"featured_media":87021,"comment_status":"","ping_status":"","sticky":false,"template":"","format":"standard","meta":{"footnotes":""},"categories":[85],"tags":[1997,2632,49,114,115,6520,19016,32,33],"class_list":{"0":"post-91715","1":"post","2":"type-post","3":"status-publish","4":"format-standard","5":"has-post-thumbnail","7":"category-entretenimento","8":"tag-bruna","9":"tag-casa-dos-segredos","10":"tag-destaques","11":"tag-entertainment","12":"tag-entretenimento","13":"tag-ines-morais","14":"tag-liliana","15":"tag-portugal","16":"tag-pt"},"share_on_mastodon":{"url":"","error":""},"_links":{"self":[{"href":"https:\/\/www.europesays.com\/pt\/wp-json\/wp\/v2\/posts\/91715","targetHints":{"allow":["GET"]}}],"collection":[{"href":"https:\/\/www.europesays.com\/pt\/wp-json\/wp\/v2\/posts"}],"about":[{"href":"https:\/\/www.europesays.com\/pt\/wp-json\/wp\/v2\/types\/post"}],"author":[{"embeddable":true,"href":"https:\/\/www.europesays.com\/pt\/wp-json\/wp\/v2\/users\/2"}],"replies":[{"embeddable":true,"href":"https:\/\/www.europesays.com\/pt\/wp-json\/wp\/v2\/comments?post=91715"}],"version-history":[{"count":0,"href":"https:\/\/www.europesays.com\/pt\/wp-json\/wp\/v2\/posts\/91715\/revisions"}],"wp:featuredmedia":[{"embeddable":true,"href":"https:\/\/www.europesays.com\/pt\/wp-json\/wp\/v2\/media\/87021"}],"wp:attachment":[{"href":"https:\/\/www.europesays.com\/pt\/wp-json\/wp\/v2\/media?parent=91715"}],"wp:term":[{"taxonomy":"category","embeddable":true,"href":"https:\/\/www.europesays.com\/pt\/wp-json\/wp\/v2\/categories?post=91715"},{"taxonomy":"post_tag","embeddable":true,"href":"https:\/\/www.europesays.com\/pt\/wp-json\/wp\/v2\/tags?post=91715"}],"curies":[{"name":"wp","href":"https:\/\/api.w.org\/{rel}","templated":true}]}}