{"id":91720,"date":"2025-09-29T15:30:07","date_gmt":"2025-09-29T15:30:07","guid":{"rendered":"https:\/\/www.europesays.com\/pt\/91720\/"},"modified":"2025-09-29T15:30:07","modified_gmt":"2025-09-29T15:30:07","slug":"comissaria-europeia-testou-positivo-para-quimicos-eternos-toxicos","status":"publish","type":"post","link":"https:\/\/www.europesays.com\/pt\/91720\/","title":{"rendered":"Comiss\u00e1ria europeia testou positivo para &#8220;qu\u00edmicos eternos&#8221; t\u00f3xicos"},"content":{"rendered":"<p>&#8220;Os cidad\u00e3os est\u00e3o cada vez mais expostos a PFAS no seu sangue. Eu pr\u00f3pria n\u00e3o sou exce\u00e7\u00e3o&#8221;, declarou aos jornalistas a Comiss\u00e1ria do Ambiente, Jessika Roswall, revelando os resultados do seu teste de despistagem de subst\u00e2ncias perfluoroalqu\u00edlicas e polifluoroalqu\u00edlicas.<\/p>\n<p data-remotead-prev-elm=\"true\" data-remotead-elm-id=\"inread\">&#8220;O resultado mostra que n\u00e3o estou livre de PFAS e que alguns dos PFAS no meu sangue s\u00e3o t\u00f3xicos para a sa\u00fade reprodutiva&#8221;, disse aos jornalistas \u00e0 margem de uma confer\u00eancia de imprensa sobre os esfor\u00e7os europeus para proteger a natureza e combater as altera\u00e7\u00f5es clim\u00e1ticas. &#8220;Isto refor\u00e7ou a minha determina\u00e7\u00e3o em levar o nosso trabalho por diante&#8221;, afirmou Roswall.<\/p>\n<p>A equipa da Comiss\u00e1ria afirmou que o seu teste deu positivo para seis dos 13 PFAS analisados, incluindo tr\u00eas considerados t\u00f3xicos para a sa\u00fade reprodutiva, e em v\u00e1rios casos em concentra\u00e7\u00f5es superiores aos n\u00edveis recomendados.<\/p>\n<p data-remotead-prev-elm=\"true\" data-remotead-elm-id=\"centro1\">Roswall foi submetida a testes em julho, juntamente com ministros de toda a Uni\u00e3o Europeia, para aumentar a sensibiliza\u00e7\u00e3o para a polui\u00e7\u00e3o causada pelos PFAS, um grupo de qu\u00edmicos sint\u00e9ticos que repelem o calor, a \u00e1gua e o \u00f3leo, e que s\u00e3o utilizados em panelas antiaderentes, tapetes \u00e0 prova de n\u00f3doas e outros produtos. Frequentemente designados por &#8220;qu\u00edmicos eternos&#8221;, uma vez que demoram muito tempo a decompor-se, os PFAS est\u00e3o a ser cada vez mais restringidos em todo o mundo devido aos seus efeitos adversos para a sa\u00fade.<\/p>\n<p>A exposi\u00e7\u00e3o cr\u00f3nica, mesmo a n\u00edveis baixos, tem sido associada a danos no f\u00edgado, colesterol elevado, respostas imunit\u00e1rias reduzidas, baixo peso \u00e0 nascen\u00e7a e v\u00e1rios tipos de cancro.<\/p>\n<p data-remotead-prev-elm=\"true\" data-remotead-elm-id=\"centro2\">A Comiss\u00e3o Europeia tenciona propor, no pr\u00f3ximo ano, a proibi\u00e7\u00e3o dos PFAS em bens de consumo corrente &#8211; desde caixas de pizza a vestu\u00e1rio &#8211; com excep\u00e7\u00f5es para certas \u00e1reas, incluindo equipamento m\u00e9dico.<\/p>\n<p>A Comiss\u00e3o est\u00e1 tamb\u00e9m a trabalhar numa atualiza\u00e7\u00e3o, h\u00e1 muito prometida, das regras da UE sobre o fabrico e a utiliza\u00e7\u00e3o de produtos qu\u00edmicos perigosos, mas o processo est\u00e1 a sofrer atrasos. Uma primeira revis\u00e3o do texto conhecido como &#8220;REACH&#8221; foi rejeitada por um organismo interno de avalia\u00e7\u00e3o de impacto, que pediu \u00e0 Comiss\u00e3o que refor\u00e7asse a sua proposta, segundo Roswall.<\/p>\n<p data-remotead-prev-elm=\"true\" data-remotead-elm-id=\"centro3\">Os grupos ambientalistas advertiram contra qualquer novo atraso na atualiza\u00e7\u00e3o da lei, em prepara\u00e7\u00e3o desde 2022.<\/p>\n","protected":false},"excerpt":{"rendered":"&#8220;Os cidad\u00e3os est\u00e3o cada vez mais expostos a PFAS no seu sangue. Eu pr\u00f3pria n\u00e3o sou exce\u00e7\u00e3o&#8221;, declarou&hellip;\n","protected":false},"author":2,"featured_media":91721,"comment_status":"","ping_status":"","sticky":false,"template":"","format":"standard","meta":{"footnotes":""},"categories":[50],"tags":[964,27,28,15,16,14,25,26,21,22,62,12,13,19,20,119,23,24,17,18,29,30,31,63,64,65],"class_list":{"0":"post-91720","1":"post","2":"type-post","3":"status-publish","4":"format-standard","5":"has-post-thumbnail","7":"category-mundo","8":"tag-ambiente","9":"tag-breaking-news","10":"tag-breakingnews","11":"tag-featured-news","12":"tag-featurednews","13":"tag-headlines","14":"tag-latest-news","15":"tag-latestnews","16":"tag-main-news","17":"tag-mainnews","18":"tag-mundo","19":"tag-news","20":"tag-noticias","21":"tag-noticias-principais","22":"tag-noticiasprincipais","23":"tag-poluicao","24":"tag-principais-noticias","25":"tag-principaisnoticias","26":"tag-top-stories","27":"tag-topstories","28":"tag-ultimas","29":"tag-ultimas-noticias","30":"tag-ultimasnoticias","31":"tag-world","32":"tag-world-news","33":"tag-worldnews"},"share_on_mastodon":{"url":"","error":""},"_links":{"self":[{"href":"https:\/\/www.europesays.com\/pt\/wp-json\/wp\/v2\/posts\/91720","targetHints":{"allow":["GET"]}}],"collection":[{"href":"https:\/\/www.europesays.com\/pt\/wp-json\/wp\/v2\/posts"}],"about":[{"href":"https:\/\/www.europesays.com\/pt\/wp-json\/wp\/v2\/types\/post"}],"author":[{"embeddable":true,"href":"https:\/\/www.europesays.com\/pt\/wp-json\/wp\/v2\/users\/2"}],"replies":[{"embeddable":true,"href":"https:\/\/www.europesays.com\/pt\/wp-json\/wp\/v2\/comments?post=91720"}],"version-history":[{"count":0,"href":"https:\/\/www.europesays.com\/pt\/wp-json\/wp\/v2\/posts\/91720\/revisions"}],"wp:featuredmedia":[{"embeddable":true,"href":"https:\/\/www.europesays.com\/pt\/wp-json\/wp\/v2\/media\/91721"}],"wp:attachment":[{"href":"https:\/\/www.europesays.com\/pt\/wp-json\/wp\/v2\/media?parent=91720"}],"wp:term":[{"taxonomy":"category","embeddable":true,"href":"https:\/\/www.europesays.com\/pt\/wp-json\/wp\/v2\/categories?post=91720"},{"taxonomy":"post_tag","embeddable":true,"href":"https:\/\/www.europesays.com\/pt\/wp-json\/wp\/v2\/tags?post=91720"}],"curies":[{"name":"wp","href":"https:\/\/api.w.org\/{rel}","templated":true}]}}