{"id":91754,"date":"2025-09-29T15:54:18","date_gmt":"2025-09-29T15:54:18","guid":{"rendered":"https:\/\/www.europesays.com\/pt\/91754\/"},"modified":"2025-09-29T15:54:18","modified_gmt":"2025-09-29T15:54:18","slug":"pepe-arrependido-do-que-fez-lembra-o-melhor-treinador-com-quem-trabalhou","status":"publish","type":"post","link":"https:\/\/www.europesays.com\/pt\/91754\/","title":{"rendered":"Pep\u00ea &#8220;arrependido&#8221; do que fez lembra &#8220;o melhor treinador&#8221; com quem trabalhou"},"content":{"rendered":"<p>Pep\u00ea &#8220;lavou a cara&#8221; e entrou na presente temporada disposto em deixar para tr\u00e1s das costas uma temporada de 2024\/25 na qual teve problemas internos e at\u00e9 chegou a ser alvo de um processo disciplinar da parte do clube. Numa entrevista \u00e0 &#8220;ESPN&#8221;, o criativo falou sobre essa fase menos positiva.<\/p>\n<p data-remotead-prev-elm=\"true\" data-remotead-elm-id=\"inread\">&#8220;Eu estava um pouco mais fechado na temporada passada, n\u00e3o sei explicar ao certo os motivos, mas sentia que as coisas n\u00e3o estavam a correr muito bem para mim. N\u00e3o fiz uma boa pr\u00e9-temporada, os primeiros jogos tamb\u00e9m n\u00e3o me ajudaram. Isso tudo, ent\u00e3o, afetou a minha cabe\u00e7a. Fiquei mais fechado, passei a n\u00e3o ser eu mesmo. No geral, estou sempre bem-disposto e pronto para ajudar. Como as coisas n\u00e3o estavam a acontecer da maneira que queria, acabei por me fechar. Isso, claro, prejudicou-me bastante&#8221;, contou, antes de falar do epis\u00f3dio amargo com V\u00edtor Bruno.<\/p>\n<p>&#8220;Foi mesmo o meu pior momento no F. C. Porto. As coisas aconteceram de uma forma que eu n\u00e3o imaginava, ent\u00e3o acabei a agir muito pela emo\u00e7\u00e3o. Sinto muito por tudo aquilo, n\u00e3o deveria ter agido como agi. Me arrependo muito do que fiz. Agora, isso \u00e9 passado. \u00c9 olhar para frente, porque acho que isso nunca mais volta a acontecer&#8221;.<\/p>\n<p data-remotead-prev-elm=\"true\" data-remotead-elm-id=\"centro1\">Uma \u00e9poca delicada e que s\u00f3 foi ultrapassada com muito apoio da fam\u00edlia e dos amigos da cidade natal de Foz do Igua\u00e7u. &#8220;Estive no Brasil antes de come\u00e7ar a nova temporada, ent\u00e3o pude voltar \u00e0s minhas ra\u00edzes. Reencontrei o Pep\u00ea alegre e brincalh\u00e3o. Sempre fui assim, na verdade. Foi mesmo fundamental reencontrar a fam\u00edlia e os amigos. Foi crucial. Eles sentiram logo que eu n\u00e3o era aquele Pep\u00ea de sempre, e isso mexeu comigo. Eles tinham raz\u00e3o. Regressei 100% focado para Portugal&#8221;.<\/p>\n<p>Sem grande rodeios, o internacional brasileiro, 28 anos, considera esta a &#8220;melhor temporada&#8221; na carreira. &#8220;Seguramente, \u00e9 o meu melhor in\u00edcio de temporada. Vivi momentos incr\u00edveis no Gr\u00eamio tamb\u00e9m, mas prefiro olhar para frente. O que ficou para tr\u00e1s&#8230; ficou para tr\u00e1s. Sei que quero fazer a melhor temporada da minha vida. Olhar jogo a jogo, treino a treino. Evoluir sempre, todos os dias&#8221;, projetou.<\/p>\n<p data-remotead-prev-elm=\"true\" data-remotead-elm-id=\"centro2\">Considera que Gabriel Ver\u00f3n teve azar com a condi\u00e7\u00e3o f\u00edsica e quando desafiado considerou que William Gomes \u00e9 o &#8220;Galeno 2.0&#8221; no que diz respeito \u00e0 rela\u00e7\u00e3o e falou das carater\u00edsticas do extremo: &#8220;\u00c9 um jogador incr\u00edvel, um menino muito dedicado, que tem uma ambi\u00e7\u00e3o espetacular. Acho que ele tem muito a evoluir aqui, tem muito a aprender no futebol. Est\u00e1 sempre bem-disposto, pronto para aprender e trabalhar. Se a dedica\u00e7\u00e3o continuar, quem sabe pode ser um fen\u00f3meno no F. C. Porto&#8221;.<\/p>\n<p>J\u00e1 S\u00e9rgio Concei\u00e7\u00e3o tamb\u00e9m veio \u00e0 conversa e Pep\u00ea considerou que a &#8220;intensidade&#8221; do t\u00e9cnico portugu\u00eas poderia ser um bom casamento com o futebol brasileiro: &#8220;Ele \u00e9 muito exigente, foi um treinador que me ajudou muito. Foi o melhor treinador com quem j\u00e1 trabalhei. Ensinou-me a ver o futebol de uma maneira totalmente diferente, ensinou-me a entender o jogo de uma maneira incr\u00edvel. \u00c9 um treinador que ama o desporto, ama o que faz, ama viver essa atmosfera. Ele vive o futebol com muita paix\u00e3o e intensidade, ent\u00e3o, daria muito certo no Brasil.&#8221;<\/p>\n","protected":false},"excerpt":{"rendered":"Pep\u00ea &#8220;lavou a cara&#8221; e entrou na presente temporada disposto em deixar para tr\u00e1s das costas uma temporada&hellip;\n","protected":false},"author":2,"featured_media":91755,"comment_status":"","ping_status":"","sticky":false,"template":"","format":"standard","meta":{"footnotes":""},"categories":[87],"tags":[135,20558,5538,32,33,5540,134,5539],"class_list":{"0":"post-91754","1":"post","2":"type-post","3":"status-publish","4":"format-standard","5":"has-post-thumbnail","7":"category-desporto","8":"tag-desporto","9":"tag-f-c-porto","10":"tag-pepe","11":"tag-portugal","12":"tag-pt","13":"tag-sergio-conceicao","14":"tag-sports","15":"tag-vitor-bruno"},"share_on_mastodon":{"url":"","error":""},"_links":{"self":[{"href":"https:\/\/www.europesays.com\/pt\/wp-json\/wp\/v2\/posts\/91754","targetHints":{"allow":["GET"]}}],"collection":[{"href":"https:\/\/www.europesays.com\/pt\/wp-json\/wp\/v2\/posts"}],"about":[{"href":"https:\/\/www.europesays.com\/pt\/wp-json\/wp\/v2\/types\/post"}],"author":[{"embeddable":true,"href":"https:\/\/www.europesays.com\/pt\/wp-json\/wp\/v2\/users\/2"}],"replies":[{"embeddable":true,"href":"https:\/\/www.europesays.com\/pt\/wp-json\/wp\/v2\/comments?post=91754"}],"version-history":[{"count":0,"href":"https:\/\/www.europesays.com\/pt\/wp-json\/wp\/v2\/posts\/91754\/revisions"}],"wp:featuredmedia":[{"embeddable":true,"href":"https:\/\/www.europesays.com\/pt\/wp-json\/wp\/v2\/media\/91755"}],"wp:attachment":[{"href":"https:\/\/www.europesays.com\/pt\/wp-json\/wp\/v2\/media?parent=91754"}],"wp:term":[{"taxonomy":"category","embeddable":true,"href":"https:\/\/www.europesays.com\/pt\/wp-json\/wp\/v2\/categories?post=91754"},{"taxonomy":"post_tag","embeddable":true,"href":"https:\/\/www.europesays.com\/pt\/wp-json\/wp\/v2\/tags?post=91754"}],"curies":[{"name":"wp","href":"https:\/\/api.w.org\/{rel}","templated":true}]}}