{"id":91765,"date":"2025-09-29T16:00:11","date_gmt":"2025-09-29T16:00:11","guid":{"rendered":"https:\/\/www.europesays.com\/pt\/91765\/"},"modified":"2025-09-29T16:00:11","modified_gmt":"2025-09-29T16:00:11","slug":"ventura-coloca-limitacao-de-acesso-a-apoios-sociais-como-condicao-para-aprovar-lei-de-estrangeiros-diario-de-noticias","status":"publish","type":"post","link":"https:\/\/www.europesays.com\/pt\/91765\/","title":{"rendered":"Ventura coloca limita\u00e7\u00e3o de acesso a apoios sociais como condi\u00e7\u00e3o para aprovar lei de estrangeiros &#8211; Di\u00e1rio de Not\u00edcias"},"content":{"rendered":"<ol>\n<li><a href=\"https:\/\/news.google.com\/rss\/articles\/CBMixAFBVV95cUxNbXFqWkVyVFc4dnViMjVyRFgyN1MwR3hKNWVLU0R6YWlQU2c5LTRzS0RCV1RhbEpWMFFoSmNIM3I2Q2pQUllBX2x1TDN3ZjNzd0RCdVZHcllmMDVqcmlJS01IWHZkYlBNU0s0VHRiT2JqcTR6YklfUUYyUzVEdXhWRElFblVRSTNfeHdndGxvZEZLcEVMdncwamlyeEdtNDI2S29BeUlYR2FVbTZXcXRWTlNXZ3ZRN3VnY2lYcEZGWTl2bUJ5?oc=5\" target=\"_blank\" rel=\"nofollow noopener\">Ventura coloca limita\u00e7\u00e3o de acesso a apoios sociais como condi\u00e7\u00e3o para aprovar lei de estrangeiros<\/a>&nbsp;&nbsp;Di\u00e1rio de Not\u00edcias<\/li>\n<li><a href=\"https:\/\/news.google.com\/rss\/articles\/CBMi8wFBVV95cUxQdmpLa2ppak0yOUQ2cHlqcGI0cXVCS29qOFlIRDVmek83aUhVMk85WFJ3bkpDdGg2TWUydkFUV0RmNDgxbXdaRXZQMHlRY3NLVU1ub2F3a080eXpLbG1pSmEtdm1JVU5YdEZVZENSRXd1aDVMVENMVDRWZjQyc01FemFwWVhxRkFuemN1N3F5TTVyeDJybjRQcU42V3pacFJPLTctRXhYa1pLcThiX0g5RU9DTzExeWF0bmNWaVhYWGdQMFpzTDI4YlNqS05wYTJ3RHZlNV95U19sdFB0N0gwR3F1QzN3ckFZYWpNWlI3LW1FVkU?oc=5\" target=\"_blank\" rel=\"nofollow noopener\">Portugal muda lei e aceita casal de imigrantes que moram juntos por 1 ano<\/a>&nbsp;&nbsp;UOL Not\u00edcias<\/li>\n<li><a href=\"https:\/\/news.google.com\/rss\/articles\/CBMiogFBVV95cUxQa1dpanRGRmpzWHR4Tzh1VVRXUkVLeTFiM1VFa0NIR2hveGM3ZVQ2bDVCa3lMRjhJdEE2N3dMR21sTWFNSlI3YXEwOV9aSkpMNkRzVG1zTHppT3hLMFd5WVVMMlRSNUxIY19hRGV2cDdSWjJONC10QlpXSG9uNmlmcnEzMlBuMW1xUThtaW83Qmh3b2tES0tRUEoxMzlQdUFKOGc?oc=5\" target=\"_blank\" rel=\"nofollow noopener\">Governo de Portugal prop\u00f5e diminuir prazo para fam\u00edlias se reunirem no pa\u00eds<\/a>&nbsp;&nbsp;CNN Brasil<\/li>\n<li><a href=\"https:\/\/news.google.com\/rss\/articles\/CBMi4AFBVV95cUxPWW5ON1VoQnpOTnJEWVFOTTlsdDl6WWFIMmNLZFVHX2pJRXpHYzZrbnQ3NHlleHhGVnpBX3pWXzJzZk1sd1l2VnZ5dHZUdnpSZjVkc3VGZk1mVzU1THBtWm1CNDA0LS1JMFdJMkVZcDV0OG1GcVczRG1fSkpPRXJ6c2ZLWUZQejdmUDJhdXhvRG5kVXhBYkZQOUlYSWtLQXVoOFlGeG5uS3Vnc2xGT3djUlZtdXBMSkhkdjlmVDhwUzdxeEJjc2xVNkZHTjY1eUZBTnhvMDdfOEJOQUt5MUlJQw?oc=5\" target=\"_blank\" rel=\"nofollow noopener\">Ministro da Presid\u00eancia diz que altera\u00e7\u00f5es \u00e0 Lei dos Estrangeiros t\u00eam de estar dentro da Constitui\u00e7\u00e3o<\/a>&nbsp;&nbsp;RTP<\/li>\n<li><a href=\"https:\/\/news.google.com\/rss\/articles\/CBMi3gFBVV95cUxNaEpvMkNHZ3dPQjZubTl3aTJERlFDa2ktaTZrTWhHWGtyeVZsQ3N5d3libllqdHAzZS1YTmlId21uelNZME15RklVV0E4cHVuZjNmRjg5VlVnQnBPb2ZaUjdrdVZPNEIyNmNZZFBWS3VJTUVfNy1LV0xuY3U0SEduQmljX3Y0RDNSQjVpNHg5UF9tOUJaQkRaZmFHUGpLcWZLTFJsaHdpdUVqcGNyODdRdFlNbkR4N1hOTkl6ZE9OM3JHSUNsbnN2UUUtdUs5MWlVNEFYM1Z6QUl4Z1Vqa0HSAewBQVVfeXFMUDVKZTZQTmNEbUtiX09JbFkyZU82SGVNREtGVUY2bEpSM1doUUhfTzBmNHpmZ3RVNjBhZC1UaUlVNkQ4OWZGY21LV1hQQ3FoeEZKRjZjaExhSUZPcktBMDJQMi1HUkFVZDNPRGczMG9lUEZqYV9HRl8zcGtZeTRySkV1STJ1bnVUWG5yYV9DWFc0Qm1LY3dWdFZWQ2RGU2lTbDBta0ZRYW4yZXdNQVZuTkVEekFYLVlLbjlROWpxX1FIcWRwZUE1dEVCTTZfeW04NHM1NjRneDhjV1d2Y0Y0WVRLVGhGdHVhZTNkWl8?oc=5\" target=\"_blank\" rel=\"nofollow noopener\">Portugal ameniza reagrupamento familiar para tentar aprovar pacote anti-imigra\u00e7\u00e3o<\/a>&nbsp;&nbsp;O Globo<\/li>\n<\/ol>\n","protected":false},"excerpt":{"rendered":"Ventura coloca limita\u00e7\u00e3o de acesso a apoios sociais como condi\u00e7\u00e3o para aprovar lei de estrangeiros&nbsp;&nbsp;Di\u00e1rio de Not\u00edcias Portugal&hellip;\n","protected":false},"author":2,"featured_media":91766,"comment_status":"","ping_status":"","sticky":false,"template":"","format":"standard","meta":{"footnotes":""},"categories":[10],"tags":[3386,27,28,1736,15,16,14,25,26,1766,21,22,12,13,19,20,32,23,24,33,17,18,29,30,31],"class_list":{"0":"post-91765","1":"post","2":"type-post","3":"status-publish","4":"format-standard","5":"has-post-thumbnail","7":"category-portugal","8":"tag-andre-ventura","9":"tag-breaking-news","10":"tag-breakingnews","11":"tag-chega","12":"tag-featured-news","13":"tag-featurednews","14":"tag-headlines","15":"tag-latest-news","16":"tag-latestnews","17":"tag-lei-de-estrangeiros","18":"tag-main-news","19":"tag-mainnews","20":"tag-news","21":"tag-noticias","22":"tag-noticias-principais","23":"tag-noticiasprincipais","24":"tag-portugal","25":"tag-principais-noticias","26":"tag-principaisnoticias","27":"tag-pt","28":"tag-top-stories","29":"tag-topstories","30":"tag-ultimas","31":"tag-ultimas-noticias","32":"tag-ultimasnoticias"},"share_on_mastodon":{"url":"","error":""},"_links":{"self":[{"href":"https:\/\/www.europesays.com\/pt\/wp-json\/wp\/v2\/posts\/91765","targetHints":{"allow":["GET"]}}],"collection":[{"href":"https:\/\/www.europesays.com\/pt\/wp-json\/wp\/v2\/posts"}],"about":[{"href":"https:\/\/www.europesays.com\/pt\/wp-json\/wp\/v2\/types\/post"}],"author":[{"embeddable":true,"href":"https:\/\/www.europesays.com\/pt\/wp-json\/wp\/v2\/users\/2"}],"replies":[{"embeddable":true,"href":"https:\/\/www.europesays.com\/pt\/wp-json\/wp\/v2\/comments?post=91765"}],"version-history":[{"count":0,"href":"https:\/\/www.europesays.com\/pt\/wp-json\/wp\/v2\/posts\/91765\/revisions"}],"wp:featuredmedia":[{"embeddable":true,"href":"https:\/\/www.europesays.com\/pt\/wp-json\/wp\/v2\/media\/91766"}],"wp:attachment":[{"href":"https:\/\/www.europesays.com\/pt\/wp-json\/wp\/v2\/media?parent=91765"}],"wp:term":[{"taxonomy":"category","embeddable":true,"href":"https:\/\/www.europesays.com\/pt\/wp-json\/wp\/v2\/categories?post=91765"},{"taxonomy":"post_tag","embeddable":true,"href":"https:\/\/www.europesays.com\/pt\/wp-json\/wp\/v2\/tags?post=91765"}],"curies":[{"name":"wp","href":"https:\/\/api.w.org\/{rel}","templated":true}]}}