{"id":91770,"date":"2025-09-29T16:04:23","date_gmt":"2025-09-29T16:04:23","guid":{"rendered":"https:\/\/www.europesays.com\/pt\/91770\/"},"modified":"2025-09-29T16:04:23","modified_gmt":"2025-09-29T16:04:23","slug":"leitura-e-criatividade-ganham-espaco-na-recepcao-da-ubs-forte-do-sao-joao-prefeitura-de-vitoria","status":"publish","type":"post","link":"https:\/\/www.europesays.com\/pt\/91770\/","title":{"rendered":"Leitura e criatividade ganham espa\u00e7o na recep\u00e7\u00e3o da UBS Forte do S\u00e3o Jo\u00e3o \u2013 Prefeitura de Vit\u00f3ria"},"content":{"rendered":"<p>                      Leitura e criatividade ganham espa\u00e7o na recep\u00e7\u00e3o da UBS Forte do S\u00e3o Jo\u00e3o<\/p>\n<ul class=\"list-unstyled ods\">\n<li>\n                          <a href=\"https:\/\/observavix.vitoria.es.gov.br\/objetivo\/3\" rel=\"external nofollow noopener\" title=\"Sa\u00fade e bem-estar\" target=\"_blank\"><img loading=\"lazy\" decoding=\"async\" src=\"https:\/\/www.europesays.com\/pt\/wp-content\/uploads\/2025\/08\/ods_3.png\" width=\"50\" height=\"50\" alt=\"Sa\u00fade e bem-estar\"\/><\/a>\n                        <\/li>\n<\/ul>\n<p>\n                          Foto Divulga\u00e7\u00e3o\n                        <\/p>\n<p>                          <img loading=\"lazy\" decoding=\"async\" src=\"https:\/\/www.europesays.com\/pt\/wp-content\/uploads\/2025\/09\/1759161855_287_normal@2x.jpg\" width=\"700\" height=\"697\" alt=\"UBS do Forte S\u00e3o Jo\u00e3o ganha Cantinho da Leitura\" class=\"img-rounded img-responsive sombreado\"\/><\/p>\n<p>\n                          O Cantinho da Leitura, um espa\u00e7o criado para fortalecer e estimular o contato com livros e tornar a espera l\u00fadica e mais agrad\u00e1vel.\n                        <\/p>\n<p>\n                          Foto Divulga\u00e7\u00e3o\n                        <\/p>\n<p>                          <img loading=\"lazy\" decoding=\"async\" src=\"https:\/\/www.europesays.com\/pt\/wp-content\/uploads\/2025\/09\/1759161856_421_normal@2x.jpg\" width=\"700\" height=\"700\" alt=\"Cantinho da Leitura foi idealizado pela assistente social residente na UBS, Jessica Silva Farias\" class=\"img-rounded img-responsive sombreado\"\/><\/p>\n<p>\n                          O projeto foi criado e inaugurado pela assistente social e residente do Programa de Resid\u00eancia em Sa\u00fade da Crian\u00e7a e do Adolescente do Hucam Jessica Silva Farias.\n                        <\/p>\n<p>\n                      A recep\u00e7\u00e3o da Unidade B\u00e1sica de Sa\u00fade (UBS) do Forte S\u00e3o Jo\u00e3o, em Vit\u00f3ria, ficou ainda mais acolhedora para toda a comunidade. Recentemente, foi inaugurado o Cantinho da Leitura, um espa\u00e7o criado para fortalecer e estimular o contato com livros e tornar a espera l\u00fadica e mais agrad\u00e1vel.\n                    <\/p>\n<p>\n                      O projeto foi criado e inaugurado pela assistente social e residente do Programa de Resid\u00eancia em Sa\u00fade da Crian\u00e7a e do Adolescente do Hospital Universit\u00e1rio Cassiano Ant\u00f4nio Moraes (Hucam), Jessica Silva Farias. O Cantinho da Leitura teve in\u00edcio a partir da doa\u00e7\u00e3o de livros da pr\u00f3pria residente, mas logo a ideia ganhou for\u00e7a e outras pessoas tamb\u00e9m come\u00e7aram a doar livros e a ler as obras liter\u00e1rias.\n                    <\/p>\n<p>\n                      Dessa forma, durante o seu est\u00e1gio optativo na UBS, J\u00e9ssica deixou um legado criativo que fortalece o v\u00ednculo com a comunidade e torna a ambi\u00eancia da Unidade ainda mais acolhedora. &#8220;Para quem ama livros, como eu, \u00e9 uma oportunidade de levar a leitura a lugares onde, muitas vezes, dificilmente algu\u00e9m teria acesso. \u00c9 na vulnerabilidade que iniciativas simples podem gerar grandes diferen\u00e7as. Esses espa\u00e7os podem garantir o acesso \u00e0 cultura e transformar a experi\u00eancia de quem participa&#8221;, afirma a assistente social residente.\n                    <\/p>\n<p>\n                      O espa\u00e7o segue estimulando a circula\u00e7\u00e3o das obras,\u00a0 O impacto do projeto j\u00e1 pode ser observado em cenas significativas, como a de crian\u00e7as envolvidas na leitura, revelando a import\u00e2ncia dessa iniciativa.\n                    <\/p>\n<p>\n                      &#8220;Enquanto os pais aguardam a consulta, seja deles ou dos filhos, oferecemos \u00e0s crian\u00e7as um espa\u00e7o de cultura e est\u00edmulo \u00e0 leitura. Nesse ambiente, elas podem trocar experi\u00eancias umas com as outras, exercitar a criatividade e tornar a espera mais leve, a ponto de o tempo passar sem que percebam&#8221;, destaca a diretora da Unidade de Sa\u00fade do Forte S\u00e3o Jo\u00e3o, Neuma Moura.\n                    <\/p>\n<p>\n                          Foto Divulga\u00e7\u00e3o\n                        <\/p>\n<p>                          <img loading=\"lazy\" decoding=\"async\" src=\"https:\/\/www.europesays.com\/pt\/wp-content\/uploads\/2025\/09\/1759161860_436_normal@2x.jpg\" width=\"700\" height=\"1244\" alt=\"UBS do Forte S\u00e3o Jo\u00e3o ganha Cantinho da Leitura\" class=\"img-rounded img-responsive sombreado\"\/><\/p>\n<p>\n                          O impacto do projeto j\u00e1 pode ser observado em cenas significativas, como a de crian\u00e7as envolvidas na leitura, revelando a import\u00e2ncia dessa iniciativa.\n                        <\/p>\n<p>\n                          Foto Divulga\u00e7\u00e3o\n                        <\/p>\n<p>                          <img loading=\"lazy\" decoding=\"async\" src=\"https:\/\/www.europesays.com\/pt\/wp-content\/uploads\/2025\/09\/1759161863_370_normal@2x.jpg\" width=\"700\" height=\"930\" alt=\"UBS do Forte S\u00e3o Jo\u00e3o ganha Cantinho da Leitura\" class=\"img-rounded img-responsive sombreado\"\/><\/p>\n<p>\n                          \u00c9 poss\u00edvel que os leitores levem exemplares para casa, podendo devolv\u00ea-los e ainda levar outros t\u00edtulos para o Cantinho da Leitura.\n                        <\/p>\n","protected":false},"excerpt":{"rendered":"Leitura e criatividade ganham espa\u00e7o na recep\u00e7\u00e3o da UBS Forte do S\u00e3o Jo\u00e3o Foto Divulga\u00e7\u00e3o O Cantinho da&hellip;\n","protected":false},"author":2,"featured_media":31228,"comment_status":"","ping_status":"","sticky":false,"template":"","format":"standard","meta":{"footnotes":""},"categories":[143],"tags":[6135,22933,169,22931,950,22935,114,115,879,237,170,11082,32,33,22932,10213,22934],"class_list":{"0":"post-91770","1":"post","2":"type-post","3":"status-publish","4":"format-standard","5":"has-post-thumbnail","7":"category-livros","8":"tag-acolhimento","9":"tag-assistente-social-residente","10":"tag-books","11":"tag-cantinho-da-leitura","12":"tag-crianca","13":"tag-doacao-de-livros","14":"tag-entertainment","15":"tag-entretenimento","16":"tag-leitura","17":"tag-livro","18":"tag-livros","19":"tag-paciente","20":"tag-portugal","21":"tag-pt","22":"tag-residencia-na-ubs","23":"tag-ubs","24":"tag-unidade-de-saude-do-forte-sao-joao"},"share_on_mastodon":{"url":"","error":""},"_links":{"self":[{"href":"https:\/\/www.europesays.com\/pt\/wp-json\/wp\/v2\/posts\/91770","targetHints":{"allow":["GET"]}}],"collection":[{"href":"https:\/\/www.europesays.com\/pt\/wp-json\/wp\/v2\/posts"}],"about":[{"href":"https:\/\/www.europesays.com\/pt\/wp-json\/wp\/v2\/types\/post"}],"author":[{"embeddable":true,"href":"https:\/\/www.europesays.com\/pt\/wp-json\/wp\/v2\/users\/2"}],"replies":[{"embeddable":true,"href":"https:\/\/www.europesays.com\/pt\/wp-json\/wp\/v2\/comments?post=91770"}],"version-history":[{"count":0,"href":"https:\/\/www.europesays.com\/pt\/wp-json\/wp\/v2\/posts\/91770\/revisions"}],"wp:featuredmedia":[{"embeddable":true,"href":"https:\/\/www.europesays.com\/pt\/wp-json\/wp\/v2\/media\/31228"}],"wp:attachment":[{"href":"https:\/\/www.europesays.com\/pt\/wp-json\/wp\/v2\/media?parent=91770"}],"wp:term":[{"taxonomy":"category","embeddable":true,"href":"https:\/\/www.europesays.com\/pt\/wp-json\/wp\/v2\/categories?post=91770"},{"taxonomy":"post_tag","embeddable":true,"href":"https:\/\/www.europesays.com\/pt\/wp-json\/wp\/v2\/tags?post=91770"}],"curies":[{"name":"wp","href":"https:\/\/api.w.org\/{rel}","templated":true}]}}