{"id":91834,"date":"2025-09-29T16:48:13","date_gmt":"2025-09-29T16:48:13","guid":{"rendered":"https:\/\/www.europesays.com\/pt\/91834\/"},"modified":"2025-09-29T16:48:13","modified_gmt":"2025-09-29T16:48:13","slug":"foi-extremamente-dificil-para-mim-em-termos-de-saude-rita-pereira-enfrenta-situacao-angustiante-e-assume-tudo-novelas","status":"publish","type":"post","link":"https:\/\/www.europesays.com\/pt\/91834\/","title":{"rendered":"\u00abFoi extremamente dif\u00edcil para mim em termos de sa\u00fade\u00bb: Rita Pereira enfrenta situa\u00e7\u00e3o angustiante e assume tudo &#8211; Novelas"},"content":{"rendered":"<p data-end=\"344\" data-start=\"127\">Esta segunda-feira, dia 29, <strong data-end=\"122\" data-start=\"28\"><a href=\"https:\/\/tvi.iol.pt\/novelas\/guillaume-lalung\/rita-pereira\/companheiro-de-rita-pereira-encanta-fas-com-detalhe-impressionante-que-envolve-os-filhos\" rel=\"nofollow noopener\" target=\"_blank\">Rita Pereira<\/a> utilizou o Instagram para partilhar um desabafo pessoal sobre o fim de semana<\/strong>. A atriz contou estar a atravessar uma fase mais delicada em termos de sa\u00fade, mas afirmou confiar que tudo acabar\u00e1 por correr bem. Explicou ainda o motivo pelo qual decidiu n\u00e3o revelar logo a situa\u00e7\u00e3o aos seguidores.<\/p>\n<p data-end=\"688\" data-start=\"346\">&#8220;<strong data-end=\"654\" data-start=\"347\">Este fim de semana foi extremamente dif\u00edcil para mim em termos de sa\u00fade. N\u00e3o partilhei nada porque acho que parece sempre que as pessoas procuram aten\u00e7\u00e3o, pena e likes quando partilham que est\u00e3o mal, mas a verdade \u00e9 que, que sentido faz eu dizer que sou aut\u00eantica nas redes sociais, depois, quando estou na m<\/strong>**, n\u00e3o partilho?!**&#8221;, escreveu.<\/p>\n<p data-end=\"688\" data-start=\"346\"><img loading=\"lazy\" decoding=\"async\" alt=\"\" height=\"350\" src=\"https:\/\/www.europesays.com\/pt\/wp-content\/uploads\/2025\/09\/68da725ed34e58bc67964ea2.webp\" width=\"200\"\/><\/p>\n<p data-end=\"1153\" data-start=\"690\">Rita Pereira acrescentou que n\u00e3o consegue deixar de pensar em quem enfrenta doen\u00e7as graves e dolorosas: &#8220;<strong data-end=\"1150\" data-start=\"795\">E depois penso &#8216;h\u00e1 pessoas que est\u00e3o neste momento extremamente doentes, doentes mesmo a sofrer, doentes sabendo que n\u00e3o h\u00e1 nada que possam fazer para melhorar e apanham um story destes de uma pessoa que est\u00e1 doente sim, mas que sabe que vai ficar bem\u2026&#8217; e isto fica a bater-me na cabe\u00e7a sobre se vale ou n\u00e3o a pena partilharmos quando n\u00e3o estamos bem.<\/strong>&#8220;<\/p>\n<p data-end=\"1568\" data-start=\"1155\">Por fim, sublinhou tamb\u00e9m o lado positivo de partilhar fragilidades: &#8220;<strong data-end=\"1414\" data-start=\"1225\">Mas depois tem o outro lado, partilho que n\u00e3o estou bem para que, quem est\u00e1 como eu, perceba que eu n\u00e3o estou sempre bem e est\u00e1 tudo bem porque vai passar, \u00e9 respirarmos, mandarmos um f<\/strong>**** e sermos pacientes que o dia de amanh\u00e3 ser\u00e1 melhor. Pronto, \u00e9 isto. E, agora, mesmo estando assim, tenho de ir gravar. Vida que segue**&#8221;, concluiu.<\/p>\n<p data-end=\"1568\" data-start=\"1155\">Relembre-se tamb\u00e9m desta entrevista da atriz a Cristina Ferreira em que conta como reage a todas as cr\u00edticas que recebe online:\u00a0<\/p>\n<p data-end=\"1568\" data-start=\"1155\">Veja tamb\u00e9m:\u00a0<\/p>\n<p data-end=\"1568\" data-start=\"1155\"><a href=\"https:\/\/tvi.iol.pt\/novelas\/kelly-bailey\/moda\/kelly-bailey-revela-o-seu-perfume-secreto-que-a-deixa-a-sentir-se-poderosa\" rel=\"nofollow noopener\" target=\"_blank\">Kelly Bailey revela o seu perfume secreto, que a deixa a sentir-se poderosa &#8211; Novelas &#8211; TVI<\/a><\/p>\n<p data-end=\"1568\" data-start=\"1155\"><a href=\"https:\/\/tvi.iol.pt\/novelas\/diogo-morgado\/filme\/diogo-morgado-recusa-ser-apenas-o-hot-jesus-e-revela-a-sua-missao\" rel=\"nofollow noopener\" target=\"_blank\">Diogo Morgado recusa ser apenas o \u00abHot Jesus\u00bb e revela a sua miss\u00e3o &#8211; Novelas &#8211; TVI<\/a><\/p>\n","protected":false},"excerpt":{"rendered":"Esta segunda-feira, dia 29, Rita Pereira utilizou o Instagram para partilhar um desabafo pessoal sobre o fim de&hellip;\n","protected":false},"author":2,"featured_media":91835,"comment_status":"","ping_status":"","sticky":false,"template":"","format":"standard","meta":{"footnotes":""},"categories":[142],"tags":[160,166,3864,16456,114,115,157,167,164,161,158,165,159,32,33,156,5871,117,163,151,162],"class_list":{"0":"post-91834","1":"post","2":"type-post","3":"status-publish","4":"format-standard","5":"has-post-thumbnail","7":"category-tv","8":"tag-ana-guiomar","9":"tag-cristina-ferreira","10":"tag-desabafo","11":"tag-doente","12":"tag-entertainment","13":"tag-entretenimento","14":"tag-festa-e-festa","15":"tag-ficcao","16":"tag-jose-fidalgo","17":"tag-novelas","18":"tag-para-sempre","19":"tag-pedro-sousa","20":"tag-pedro-teixeira","21":"tag-portugal","22":"tag-pt","23":"tag-queridos-papas","24":"tag-rita-pereira","25":"tag-saude","26":"tag-tiago-teotonio-pereira","27":"tag-tv","28":"tag-tvi"},"share_on_mastodon":{"url":"","error":""},"_links":{"self":[{"href":"https:\/\/www.europesays.com\/pt\/wp-json\/wp\/v2\/posts\/91834","targetHints":{"allow":["GET"]}}],"collection":[{"href":"https:\/\/www.europesays.com\/pt\/wp-json\/wp\/v2\/posts"}],"about":[{"href":"https:\/\/www.europesays.com\/pt\/wp-json\/wp\/v2\/types\/post"}],"author":[{"embeddable":true,"href":"https:\/\/www.europesays.com\/pt\/wp-json\/wp\/v2\/users\/2"}],"replies":[{"embeddable":true,"href":"https:\/\/www.europesays.com\/pt\/wp-json\/wp\/v2\/comments?post=91834"}],"version-history":[{"count":0,"href":"https:\/\/www.europesays.com\/pt\/wp-json\/wp\/v2\/posts\/91834\/revisions"}],"wp:featuredmedia":[{"embeddable":true,"href":"https:\/\/www.europesays.com\/pt\/wp-json\/wp\/v2\/media\/91835"}],"wp:attachment":[{"href":"https:\/\/www.europesays.com\/pt\/wp-json\/wp\/v2\/media?parent=91834"}],"wp:term":[{"taxonomy":"category","embeddable":true,"href":"https:\/\/www.europesays.com\/pt\/wp-json\/wp\/v2\/categories?post=91834"},{"taxonomy":"post_tag","embeddable":true,"href":"https:\/\/www.europesays.com\/pt\/wp-json\/wp\/v2\/tags?post=91834"}],"curies":[{"name":"wp","href":"https:\/\/api.w.org\/{rel}","templated":true}]}}