{"id":91847,"date":"2025-09-29T16:57:19","date_gmt":"2025-09-29T16:57:19","guid":{"rendered":"https:\/\/www.europesays.com\/pt\/91847\/"},"modified":"2025-09-29T16:57:19","modified_gmt":"2025-09-29T16:57:19","slug":"sousa-real-anuncia-queixa-contra-deputados-do-chega-diz-ter-sido-chamada-de-asquerosa-e-miseria-humana","status":"publish","type":"post","link":"https:\/\/www.europesays.com\/pt\/91847\/","title":{"rendered":"Sousa Real anuncia queixa contra deputados do Chega. Diz ter sido chamada de &#8220;asquerosa&#8221; e &#8220;mis\u00e9ria humana&#8221;"},"content":{"rendered":"<p>A deputada \u00fanica do PAN, In\u00eas de Sousa Real, anunciou este s\u00e1bado, 27 de setembro, que vai apresentar uma queixa, na segunda-feira, na Assembleia da Rep\u00fablica, sobre a conduta dos deputados Rita Matias e Rodrigo Taxa, do Chega, que acusa de insultos.<\/p>\n<p>Instada a comentar o caso dos beijos enviados pelo secret\u00e1rio da Mesa da Assembleia da Rep\u00fablica e deputado do Chega, Filipe Melo, alegadamente \u00e0 deputada socialista Isabel Moreira, que o pr\u00f3prio nega, a deputada \u00fanica do PAN disse que &#8220;\u00e9 preciso aplicar o c\u00f3digo de conduta que j\u00e1 existe&#8221;.<\/p>\n<p><strong>&#8220;Ali\u00e1s, na queixa que eu, enquanto deputada, vou apresentar esta segunda-feira contra Rita Matias e o deputado Rodrigo Alves Taxa [ambos do Chega], vou pedir a aplica\u00e7\u00e3o do artigo 13, ou seja, que seja aplicada uma pena, pelo Presidente da Assembleia da Rep\u00fablica [Jos\u00e9 Pedro Aguiar-Branco], simbolicamente de um c\u00eantimo a esses deputados&#8221;,<\/strong> disse este s\u00e1bado aos jornalistas em Vila Nova de Gaia (distrito do Porto).<\/p>\n<p>In\u00eas de Sousa Real <strong>queixa-se de ter sido chamada &#8220;asquerosa&#8221; por duas vezes por Rita Matias, sem repreens\u00e3o do presidente da Assembleia da Rep\u00fablica, e ainda de Rodrigo Alves Taxa a ter classificado como &#8220;mis\u00e9ria humana&#8221; e &#8220;nulidade intelectual&#8221;.<\/strong><\/p>\n<p>&#8220;Isto tem que ter um ponto final e precisamos que Aguiar-Branco n\u00e3o s\u00f3, e de uma vez por todas, tenha a coragem de dizer n\u00e3o ao Chega e que chega daquilo que s\u00e3o os abusos reiterados do Chega, mas tamb\u00e9m que o c\u00f3digo e o estatuto dos deputados seja aplicado&#8221;, vincou.<\/p>\n<p>A deputada considera necess\u00e1rio &#8220;alterar e densificar aquilo que s\u00e3o as medidas, para que possa haver n\u00e3o apenas meras repreens\u00f5es&#8221;, mas tamb\u00e9m &#8220;suspens\u00e3o de fun\u00e7\u00f5es, como existe noutros parlamentos, ou at\u00e9 mesmo retirar a palavra&#8221;.<\/p>\n<p><strong>&#8220;N\u00e3o podemos continuar a ter n\u00e3o apenas o comportamento que vimos na Mesa, que \u00e9 inaceit\u00e1vel. Quem est\u00e1 na Mesa da Assembleia da Rep\u00fablica tem de perceber que n\u00e3o representa apenas o seu partido, representa todo o parlamento, a institui\u00e7\u00e3o da Assembleia da Rep\u00fablica e todos os portugueses&#8221;, assinalou.<\/strong><\/p>\n","protected":false},"excerpt":{"rendered":"A deputada \u00fanica do PAN, In\u00eas de Sousa Real, anunciou este s\u00e1bado, 27 de setembro, que vai apresentar&hellip;\n","protected":false},"author":2,"featured_media":91848,"comment_status":"","ping_status":"","sticky":false,"template":"","format":"standard","meta":{"footnotes":""},"categories":[10],"tags":[27,28,1736,15,16,14,22952,25,26,21,22,12,13,19,20,452,32,23,24,33,20592,17,18,29,30,31],"class_list":{"0":"post-91847","1":"post","2":"type-post","3":"status-publish","4":"format-standard","5":"has-post-thumbnail","7":"category-portugal","8":"tag-breaking-news","9":"tag-breakingnews","10":"tag-chega","11":"tag-featured-news","12":"tag-featurednews","13":"tag-headlines","14":"tag-ines-de-sousa-real","15":"tag-latest-news","16":"tag-latestnews","17":"tag-main-news","18":"tag-mainnews","19":"tag-news","20":"tag-noticias","21":"tag-noticias-principais","22":"tag-noticiasprincipais","23":"tag-pan","24":"tag-portugal","25":"tag-principais-noticias","26":"tag-principaisnoticias","27":"tag-pt","28":"tag-queixa","29":"tag-top-stories","30":"tag-topstories","31":"tag-ultimas","32":"tag-ultimas-noticias","33":"tag-ultimasnoticias"},"share_on_mastodon":{"url":"","error":""},"_links":{"self":[{"href":"https:\/\/www.europesays.com\/pt\/wp-json\/wp\/v2\/posts\/91847","targetHints":{"allow":["GET"]}}],"collection":[{"href":"https:\/\/www.europesays.com\/pt\/wp-json\/wp\/v2\/posts"}],"about":[{"href":"https:\/\/www.europesays.com\/pt\/wp-json\/wp\/v2\/types\/post"}],"author":[{"embeddable":true,"href":"https:\/\/www.europesays.com\/pt\/wp-json\/wp\/v2\/users\/2"}],"replies":[{"embeddable":true,"href":"https:\/\/www.europesays.com\/pt\/wp-json\/wp\/v2\/comments?post=91847"}],"version-history":[{"count":0,"href":"https:\/\/www.europesays.com\/pt\/wp-json\/wp\/v2\/posts\/91847\/revisions"}],"wp:featuredmedia":[{"embeddable":true,"href":"https:\/\/www.europesays.com\/pt\/wp-json\/wp\/v2\/media\/91848"}],"wp:attachment":[{"href":"https:\/\/www.europesays.com\/pt\/wp-json\/wp\/v2\/media?parent=91847"}],"wp:term":[{"taxonomy":"category","embeddable":true,"href":"https:\/\/www.europesays.com\/pt\/wp-json\/wp\/v2\/categories?post=91847"},{"taxonomy":"post_tag","embeddable":true,"href":"https:\/\/www.europesays.com\/pt\/wp-json\/wp\/v2\/tags?post=91847"}],"curies":[{"name":"wp","href":"https:\/\/api.w.org\/{rel}","templated":true}]}}