{"id":91924,"date":"2025-09-29T17:53:10","date_gmt":"2025-09-29T17:53:10","guid":{"rendered":"https:\/\/www.europesays.com\/pt\/91924\/"},"modified":"2025-09-29T17:53:10","modified_gmt":"2025-09-29T17:53:10","slug":"estudante-espancado-em-festa-na-universidade-catolica-no-porto","status":"publish","type":"post","link":"https:\/\/www.europesays.com\/pt\/91924\/","title":{"rendered":"Estudante espancado em festa na Universidade Cat\u00f3lica no Porto"},"content":{"rendered":"<p>O jovem foi espancado por quatro indiv\u00edduos, que n\u00e3o ser\u00e3o estudantes da UCP, num ataque que ter\u00e1 come\u00e7ado quando um dos suspeitos importunou a namorada da v\u00edtima.<\/p>\n<p data-remotead-prev-elm=\"true\" data-remotead-elm-id=\"inread\">Ao intervir, o estudante foi agredido com um &#8220;mata-le\u00e3o&#8221; e, de seguida, atingido com um soco, que o derrubou. Ficou inconsciente por momentos e acabou por ser pontapeado na cabe\u00e7a.<\/p>\n<p>Foram os restantes estudantes presentes na festa &#8211; &#8220;Sunset &#8211; Direito ao copo&#8221; &#8211; que conseguiram fazer cessar as agress\u00f5es. A v\u00edtima foi levada para a Unidade de Sa\u00fade Local de Matosinhos (Hospital Pedro Hispano), onde lhe foram diagnosticadas les\u00f5es oculares graves e uma fratura na face.<\/p>\n<p data-remotead-prev-elm=\"true\" data-remotead-elm-id=\"centro1\">A PSP n\u00e3o foi chamada ao local, mas o estudante apresentou queixa posteriormente, tendo realizado per\u00edcias no Instituto de Medicina Legal. Dois dos agressores j\u00e1 foram identificados.<\/p>\n<p><b>Universidade condena viol\u00eancia<\/b><\/p>\n<p>V\u00edtima, fam\u00edlia e amigos est\u00e3o revoltados com &#8220;o ato de viol\u00eancia gratuito e completamente desproporcionado&#8221; e aguardam que as autoridades identifiquem os restantes agressores, pedindo medidas \u00e0 universidade e \u00e0 associa\u00e7\u00e3o de estudantes.<\/p>\n<p data-remotead-prev-elm=\"true\" data-remotead-elm-id=\"centro2\">Em comunicado, a UCP sublinhou que o campus &#8220;disp\u00f5e de seguran\u00e7a em perman\u00eancia&#8221; e que encaminhou o assunto para &#8220;as autoridades policiais competentes, dando, em simult\u00e2neo, in\u00edcio a um processo de averigua\u00e7\u00e3o interno&#8221;.<\/p>\n<p>&#8220;A Universidade condena qualquer ato de viol\u00eancia. Estamos a acompanhar a situa\u00e7\u00e3o de forma a garantir a colabora\u00e7\u00e3o com as autoridades e o apuramento dos factos. Manifestamos a nossa solidariedade para com o nosso estudante e j\u00e1 manifestamos \u00e0 fam\u00edlia a disponibilidade para a colabora\u00e7\u00e3o necess\u00e1ria&#8221;, l\u00ea-se na nota.<\/p>\n","protected":false},"excerpt":{"rendered":"O jovem foi espancado por quatro indiv\u00edduos, que n\u00e3o ser\u00e3o estudantes da UCP, num ataque que ter\u00e1 come\u00e7ado&hellip;\n","protected":false},"author":2,"featured_media":91925,"comment_status":"","ping_status":"","sticky":false,"template":"","format":"standard","meta":{"footnotes":""},"categories":[10],"tags":[27,28,22384,15,16,14,603,25,26,21,22,21053,12,13,19,20,462,32,23,24,33,17,18,29,30,31,17275],"class_list":{"0":"post-91924","1":"post","2":"type-post","3":"status-publish","4":"format-standard","5":"has-post-thumbnail","7":"category-portugal","8":"tag-breaking-news","9":"tag-breakingnews","10":"tag-estudante","11":"tag-featured-news","12":"tag-featurednews","13":"tag-headlines","14":"tag-justica","15":"tag-latest-news","16":"tag-latestnews","17":"tag-main-news","18":"tag-mainnews","19":"tag-mata-leao","20":"tag-news","21":"tag-noticias","22":"tag-noticias-principais","23":"tag-noticiasprincipais","24":"tag-porto","25":"tag-portugal","26":"tag-principais-noticias","27":"tag-principaisnoticias","28":"tag-pt","29":"tag-top-stories","30":"tag-topstories","31":"tag-ultimas","32":"tag-ultimas-noticias","33":"tag-ultimasnoticias","34":"tag-universidade-catolica"},"share_on_mastodon":{"url":"","error":""},"_links":{"self":[{"href":"https:\/\/www.europesays.com\/pt\/wp-json\/wp\/v2\/posts\/91924","targetHints":{"allow":["GET"]}}],"collection":[{"href":"https:\/\/www.europesays.com\/pt\/wp-json\/wp\/v2\/posts"}],"about":[{"href":"https:\/\/www.europesays.com\/pt\/wp-json\/wp\/v2\/types\/post"}],"author":[{"embeddable":true,"href":"https:\/\/www.europesays.com\/pt\/wp-json\/wp\/v2\/users\/2"}],"replies":[{"embeddable":true,"href":"https:\/\/www.europesays.com\/pt\/wp-json\/wp\/v2\/comments?post=91924"}],"version-history":[{"count":0,"href":"https:\/\/www.europesays.com\/pt\/wp-json\/wp\/v2\/posts\/91924\/revisions"}],"wp:featuredmedia":[{"embeddable":true,"href":"https:\/\/www.europesays.com\/pt\/wp-json\/wp\/v2\/media\/91925"}],"wp:attachment":[{"href":"https:\/\/www.europesays.com\/pt\/wp-json\/wp\/v2\/media?parent=91924"}],"wp:term":[{"taxonomy":"category","embeddable":true,"href":"https:\/\/www.europesays.com\/pt\/wp-json\/wp\/v2\/categories?post=91924"},{"taxonomy":"post_tag","embeddable":true,"href":"https:\/\/www.europesays.com\/pt\/wp-json\/wp\/v2\/tags?post=91924"}],"curies":[{"name":"wp","href":"https:\/\/api.w.org\/{rel}","templated":true}]}}