{"id":91932,"date":"2025-09-29T18:01:15","date_gmt":"2025-09-29T18:01:15","guid":{"rendered":"https:\/\/www.europesays.com\/pt\/91932\/"},"modified":"2025-09-29T18:01:15","modified_gmt":"2025-09-29T18:01:15","slug":"morreu-roscoe-o-famoso-cao-de-lewis-hamilton-observador","status":"publish","type":"post","link":"https:\/\/www.europesays.com\/pt\/91932\/","title":{"rendered":"Morreu Roscoe, o famoso c\u00e3o de Lewis Hamilton \u2013 Observador"},"content":{"rendered":"<p>\u201cSinto-me muito grato e honrado por ter partilhado a minha vida com uma alma t\u00e3o bonita, um anjo e um verdadeiro amigo. Trazer o Roscoe para a minha vida foi a melhor decis\u00e3o que tomei. Irei estimar para sempre as mem\u00f3rias que cri\u00e1mos juntos\u201d, acrescentou.<\/p>\n<p>O internamento de urg\u00eancia do c\u00e3o j\u00e1 tinha levado Hamilton a ausentar-se de um compromisso na Ferrari. A presen\u00e7a do animal de estima\u00e7\u00e3o na vida do piloto coincidiu com o per\u00edodo em que o brit\u00e2nico mais venceu ao volante da Mercedes, tendo-se estabelecido como um dos melhores de sempre no automobilismo.<\/p>\n<p>Fosse em eventos ou em corridas, Roscoe seguia sempre ao lado do dono e, por isso, a sua fama tamb\u00e9m se catapultou e l<strong> a acumular 1.4 milh\u00f5es de seguidores no Instagram<\/strong>, onde tinha o nome de @roscoelovescoco [Roscoe ama a Coco], num tributo \u00e0 sua irm\u00e3 Coco \u2014 bulldog que morreu em 2020 com problemas no cora\u00e7\u00e3o.<\/p>\n<p>\u201cAinda que tenha perdido a Coco, eu nunca tive de abater um c\u00e3o. (\u2026) \u00c9 uma das experi\u00eancias mais dolorosas e eu sinto uma conex\u00e3o com todos os que j\u00e1 perderam um animal querido. Mesmo que tenha sido dif\u00edcil, t\u00ea-lo foi uma das coisas mais bonitas da minha vida. Amar livremente e ser amado de volta\u201d.<\/p>\n<p>Hamilton, piloto da Ferrari desde 2025, agradeceu esta segunda-feira o carinho dado pelos seguidores ao c\u00e3o ao longo dos \u00faltimos anos. \u201cEle morreu na noite de domingo. (\u2026) Nos meus bra\u00e7os\u201d.<\/p>\n","protected":false},"excerpt":{"rendered":"\u201cSinto-me muito grato e honrado por ter partilhado a minha vida com uma alma t\u00e3o bonita, um anjo&hellip;\n","protected":false},"author":2,"featured_media":91933,"comment_status":"","ping_status":"","sticky":false,"template":"","format":"standard","meta":{"footnotes":""},"categories":[87],"tags":[964,1353,442,22961,135,6388,1009,32,33,134],"class_list":{"0":"post-91932","1":"post","2":"type-post","3":"status-publish","4":"format-standard","5":"has-post-thumbnail","7":"category-desporto","8":"tag-ambiente","9":"tag-animais","10":"tag-ciu00eancia","11":"tag-cu00e3o","12":"tag-desporto","13":"tag-fu00f3rmula-1","14":"tag-natureza","15":"tag-portugal","16":"tag-pt","17":"tag-sports"},"share_on_mastodon":{"url":"","error":""},"_links":{"self":[{"href":"https:\/\/www.europesays.com\/pt\/wp-json\/wp\/v2\/posts\/91932","targetHints":{"allow":["GET"]}}],"collection":[{"href":"https:\/\/www.europesays.com\/pt\/wp-json\/wp\/v2\/posts"}],"about":[{"href":"https:\/\/www.europesays.com\/pt\/wp-json\/wp\/v2\/types\/post"}],"author":[{"embeddable":true,"href":"https:\/\/www.europesays.com\/pt\/wp-json\/wp\/v2\/users\/2"}],"replies":[{"embeddable":true,"href":"https:\/\/www.europesays.com\/pt\/wp-json\/wp\/v2\/comments?post=91932"}],"version-history":[{"count":0,"href":"https:\/\/www.europesays.com\/pt\/wp-json\/wp\/v2\/posts\/91932\/revisions"}],"wp:featuredmedia":[{"embeddable":true,"href":"https:\/\/www.europesays.com\/pt\/wp-json\/wp\/v2\/media\/91933"}],"wp:attachment":[{"href":"https:\/\/www.europesays.com\/pt\/wp-json\/wp\/v2\/media?parent=91932"}],"wp:term":[{"taxonomy":"category","embeddable":true,"href":"https:\/\/www.europesays.com\/pt\/wp-json\/wp\/v2\/categories?post=91932"},{"taxonomy":"post_tag","embeddable":true,"href":"https:\/\/www.europesays.com\/pt\/wp-json\/wp\/v2\/tags?post=91932"}],"curies":[{"name":"wp","href":"https:\/\/api.w.org\/{rel}","templated":true}]}}