{"id":91942,"date":"2025-09-29T18:07:11","date_gmt":"2025-09-29T18:07:11","guid":{"rendered":"https:\/\/www.europesays.com\/pt\/91942\/"},"modified":"2025-09-29T18:07:11","modified_gmt":"2025-09-29T18:07:11","slug":"governo-facilita-processo-para-formar-docentes-com-habilitacao-propria-educacao","status":"publish","type":"post","link":"https:\/\/www.europesays.com\/pt\/91942\/","title":{"rendered":"Governo facilita processo para formar docentes com habilita\u00e7\u00e3o pr\u00f3pria | Educa\u00e7\u00e3o"},"content":{"rendered":"<p>Os milhares de professores que entraram nas escolas apenas com habilita\u00e7\u00e3o pr\u00f3pria v\u00e3o ter mais institui\u00e7\u00f5es para fazer a profissionaliza\u00e7\u00e3o e o acesso \u00e0 forma\u00e7\u00e3o ser\u00e1 desbloqueado para os rec\u00e9m-chegados, revelou esta segunda-feira a Federa\u00e7\u00e3o Nacional da Educa\u00e7\u00e3o (FNE).<\/p>\n<p>&#8220;No passado ano lectivo entraram milhares de professores sem a devida qualifica\u00e7\u00e3o profissional e este ano tamb\u00e9m se repete a situa\u00e7\u00e3o. Hoje tivemos a confirma\u00e7\u00e3o de que [o Governo] est\u00e1 a ultimar um diploma que vai garantir a abertura do um modelo para aceder \u00e0 profissionaliza\u00e7\u00e3o&#8221;, contou \u00e0 Lusa o secret\u00e1rio-geral da FNE, Pedro Barreiros, no final de uma reuni\u00e3o no Minist\u00e9rio da Educa\u00e7\u00e3o, Ci\u00eancia e Inova\u00e7\u00e3o (MECI).<\/p>\n<p>A promessa foi dada \u00e0 FNE pela secret\u00e1ria de Estado da Administra\u00e7\u00e3o Escolar, Maria Lu\u00edsa Oliveira, durante a reuni\u00e3o de prepara\u00e7\u00e3o do processo de revis\u00e3o do Estatuto da Carreira Docente (ECD).<\/p>\n<p>A legisla\u00e7\u00e3o actual define que s\u00f3 podem <a href=\"https:\/\/www.publico.pt\/2025\/07\/27\/sociedade\/noticia\/formacao-professores-universidades-privadas-tambem-querem-assinar-contratos-governo-2141773\" rel=\"nofollow noopener\" target=\"_blank\">aceder \u00e0 profissionaliza\u00e7\u00e3o <\/a>os professores com, pelo menos, cinco anos de servi\u00e7o, explicou Pedro Barreiros, acrescentando que a tutela vai &#8220;publicar muito em breve um diploma que define que podem aceder \u00e0 profissionaliza\u00e7\u00e3o os que entraram no ano passado e este ano&#8221;.<\/p>\n<p>Este ano, a tutela abriu um concurso para recrutar cerca de 1700 novos docentes dispensados de ter forma\u00e7\u00e3o espec\u00edfica para ensinar, \u00e0 semelhan\u00e7a do que j\u00e1 tinha acontecido no ano passado.<\/p>\n<p>O minist\u00e9rio decidiu tamb\u00e9m alargar a outras institui\u00e7\u00f5es \u2014 e n\u00e3o apenas \u00e0 Universidade Aberta \u2014 a possibilidade de poderem oferecer a forma\u00e7\u00e3o necess\u00e1ria para a profissionaliza\u00e7\u00e3o dos que est\u00e3o nas escolas com um curso superior adequado \u00e0 disciplina que ensinam, mas sem forma\u00e7\u00e3o de professor, acrescentou.<\/p>\n<p>A tutela est\u00e1 tamb\u00e9m a <a href=\"https:\/\/www.publico.pt\/2025\/07\/23\/sociedade\/noticia\/ministro-apresenta-novos-dados-escolas-precisam-recrutar-39-mil-professores-ate-2034-2141499\" rel=\"nofollow noopener\" target=\"_blank\">ultimar os contratos-programa<\/a> com institui\u00e7\u00f5es de ensino superior situadas nas zonas de Lisboa, Set\u00fabal, Alentejo e Algarve para que possam formar mais e novos professores: &#8220;N\u00e3o \u00e9 formando 1500 professores por ano que vamos dar resposta aos <a href=\"https:\/\/www.publico.pt\/2025\/05\/10\/sociedade\/noticia\/seis-meses-ano-1600-professores-vao-aposentarse-2132476\" rel=\"nofollow noopener\" target=\"_blank\">mais de quatro mil<\/a> que se aposentam todos os anos&#8221;, explicou Pedro Barreiros.<\/p>\n<p>A falta de t\u00e9cnicos que garantam o apoio educativo dos alunos, como psic\u00f3logos ou terapeutas da fala, \u00e9 outro dos problemas em que a tutela disse hoje estar a trabalhar, tendo j\u00e1 feito &#8220;um trabalho avan\u00e7ado&#8221; para que estes profissionais passem a ter um v\u00ednculo laboral est\u00e1vel.<\/p>\n<p>J\u00e1 sobre a <a href=\"https:\/\/www.publico.pt\/2024\/12\/27\/sociedade\/noticia\/estatuto-carreira-docente-mobilidade-doenca-sera-tema-discutido-2116986\" rel=\"nofollow noopener\" target=\"_blank\">revis\u00e3o do Estatuto da Carreira Docente<\/a>, motivo pelo qual foram marcadas as reuni\u00f5es preparativas desta segunda-feira, a FNE contou \u00e0 Lusa que a tutela prometeu &#8220;acolher opini\u00f5es de todas as organiza\u00e7\u00f5es sindicais para harmonizar as propostas&#8221;.<\/p>\n<p>O MECI quer come\u00e7ar as negocia\u00e7\u00f5es em breve, para que o novo estatuto entre em vigor no ano lectivo de 2027\/2028, mas os sindicatos dizem que &#8220;h\u00e1 mat\u00e9rias que eram para ontem, como a valoriza\u00e7\u00e3o salarial&#8221;, disse Pedro Barreiros, defendendo que &#8220;n\u00e3o basta valorizar apenas os \u00edndices do in\u00edcio de carreira&#8221;.<\/p>\n<p>Tamb\u00e9m a Federa\u00e7\u00e3o Nacional dos Professores (Fenprof) considera que 2027 ser\u00e1 &#8220;demasiado tarde&#8221;, disse \u00e0 Lusa o secret\u00e1rio-geral Jos\u00e9 Feliciano Costa, no final da reuni\u00e3o onde esteve tamb\u00e9m o secret\u00e1rio de Estado Adjunto e da Educa\u00e7\u00e3o, Alexandre Homem Cristo.<\/p>\n<p>&#8220;Tal como apresentado pelo minist\u00e9rio, a dura\u00e7\u00e3o do processo \u00e9 muito longa. Quer\u00edamos que esta negocia\u00e7\u00e3o decorresse o mais c\u00e9lere poss\u00edvel para que entrassem em vigor j\u00e1 no pr\u00f3ximo ano lectivo&#8221;, lamentou Jos\u00e9 Feliciano Costa.<\/p>\n<p>Na sexta-feira e hoje, respons\u00e1veis do MECI estiveram reunidos com as doze estruturas representativas dos professores para definir o plano para as reuni\u00f5es negociais para o novo ECD, que ir\u00e1 definir as condi\u00e7\u00f5es de trabalho, mas tamb\u00e9m o recrutamento, a forma\u00e7\u00e3o ou a avalia\u00e7\u00e3o dos professores.<\/p>\n<p>A revis\u00e3o do ECD tem sido apontada, tanto pelo Governo como pelos sindicatos, como uma das chaves para tornar a carreira mais atraente e assim acabar com os casos de alunos sem aulas por falta de docentes.<\/p>\n","protected":false},"excerpt":{"rendered":"Os milhares de professores que entraram nas escolas apenas com habilita\u00e7\u00e3o pr\u00f3pria v\u00e3o ter mais institui\u00e7\u00f5es para fazer&hellip;\n","protected":false},"author":2,"featured_media":91943,"comment_status":"","ping_status":"","sticky":false,"template":"","format":"standard","meta":{"footnotes":""},"categories":[10],"tags":[27,28,539,2859,15,16,14,25,26,21,22,2856,12,13,19,20,32,23,24,4221,33,2022,58,17,18,29,30,31],"class_list":{"0":"post-91942","1":"post","2":"type-post","3":"status-publish","4":"format-standard","5":"has-post-thumbnail","7":"category-portugal","8":"tag-breaking-news","9":"tag-breakingnews","10":"tag-educacao","11":"tag-escolas","12":"tag-featured-news","13":"tag-featurednews","14":"tag-headlines","15":"tag-latest-news","16":"tag-latestnews","17":"tag-main-news","18":"tag-mainnews","19":"tag-ministerio-da-educacao","20":"tag-news","21":"tag-noticias","22":"tag-noticias-principais","23":"tag-noticiasprincipais","24":"tag-portugal","25":"tag-principais-noticias","26":"tag-principaisnoticias","27":"tag-professores","28":"tag-pt","29":"tag-sindicatos-de-professores","30":"tag-sociedade","31":"tag-top-stories","32":"tag-topstories","33":"tag-ultimas","34":"tag-ultimas-noticias","35":"tag-ultimasnoticias"},"share_on_mastodon":{"url":"","error":""},"_links":{"self":[{"href":"https:\/\/www.europesays.com\/pt\/wp-json\/wp\/v2\/posts\/91942","targetHints":{"allow":["GET"]}}],"collection":[{"href":"https:\/\/www.europesays.com\/pt\/wp-json\/wp\/v2\/posts"}],"about":[{"href":"https:\/\/www.europesays.com\/pt\/wp-json\/wp\/v2\/types\/post"}],"author":[{"embeddable":true,"href":"https:\/\/www.europesays.com\/pt\/wp-json\/wp\/v2\/users\/2"}],"replies":[{"embeddable":true,"href":"https:\/\/www.europesays.com\/pt\/wp-json\/wp\/v2\/comments?post=91942"}],"version-history":[{"count":0,"href":"https:\/\/www.europesays.com\/pt\/wp-json\/wp\/v2\/posts\/91942\/revisions"}],"wp:featuredmedia":[{"embeddable":true,"href":"https:\/\/www.europesays.com\/pt\/wp-json\/wp\/v2\/media\/91943"}],"wp:attachment":[{"href":"https:\/\/www.europesays.com\/pt\/wp-json\/wp\/v2\/media?parent=91942"}],"wp:term":[{"taxonomy":"category","embeddable":true,"href":"https:\/\/www.europesays.com\/pt\/wp-json\/wp\/v2\/categories?post=91942"},{"taxonomy":"post_tag","embeddable":true,"href":"https:\/\/www.europesays.com\/pt\/wp-json\/wp\/v2\/tags?post=91942"}],"curies":[{"name":"wp","href":"https:\/\/api.w.org\/{rel}","templated":true}]}}